{"id":164002,"date":"2020-04-15T07:23:32","date_gmt":"2020-04-15T10:23:32","guid":{"rendered":"http:\/\/www.caririemacao.com\/1\/?p=164002"},"modified":"2020-04-15T09:36:54","modified_gmt":"2020-04-15T12:36:54","slug":"governador-prorroga-decreto-de-fechamento-do-comercio-e-medida-atinge-cidade-do-carri","status":"publish","type":"post","link":"https:\/\/www.caririemacao.com\/1\/2020\/04\/15\/governador-prorroga-decreto-de-fechamento-do-comercio-e-medida-atinge-cidade-do-carri\/","title":{"rendered":"Governador prorroga decreto de fechamento do com\u00e9rcio e medida atinge cidade do Carri"},"content":{"rendered":"\n<p>O governador Jo\u00e3o Azev\u00eado vai ampliar o decreto de fechamento do com\u00e9rcio, que iria at\u00e9 o pr\u00f3ximo domingo (19), at\u00e9 o dia 3 de maio. A informa\u00e7\u00e3o foi veiculada no programa Arapuan Verdade, da r\u00e1dio Arapuan FM nesta ter\u00e7a-feira (14).<\/p>\n\n\n\n<p>Na avalia\u00e7\u00e3o do Governo da Para\u00edba, os n\u00fameros no estado est\u00e3o aumentando e h\u00e1 a necessidade de manter o isolamento. At\u00e9 o momento, n\u00e3o h\u00e1 informa\u00e7\u00f5es sobre quando o decreto prorrogando o fechamento do com\u00e9rcio dever\u00e1 ser publicado.<\/p>\n\n\n\n<p>O texto do decreto dever\u00e1 permanecer igual, modificando somente a data de validade, se estendendo inicialmente por pelo menos mais 15 dias.<\/p>\n\n\n\n<p>O decreto 40.169, publicado na edi\u00e7\u00e3o do dia 4 de abril do Di\u00e1rio Oficial do Estado (DOE), mant\u00e9m o fechamento de academias, gin\u00e1sios, centros esportivos p\u00fablicos e privados, shoppings, centros e galerias comerciais, bares, restaurantes, casas de festas, casas noturnas, boates e atividades comerciais n\u00e3o essenciais. A medida tamb\u00e9m se estende aos cinemas, teatros, circos, parques de divers\u00e3o e embarca\u00e7\u00f5es tur\u00edsticas de esporte e lazer em todo o Litoral paraibano que devem manter suas atividades suspensas at\u00e9 o dia 19 de abril.<\/p>\n\n\n\n<p>As restri\u00e7\u00f5es valem para as cidades e suas respectivas Regi\u00f5es Metropolitanas que tenham casos confirmados da Covid-19. At\u00e9 o momento, Jo\u00e3o Pessoa, Campina Grande, Cabedelo, Patos, Sousa, Igaracy, Junco do Serid\u00f3 e Serra Branca s\u00e3o os munic\u00edpios da Para\u00edba com casos confirmados do novo v\u00edrus.<\/p>\n","protected":false},"excerpt":{"rendered":"<p>O governador Jo\u00e3o Azev\u00eado vai ampliar o decreto de fechamento do com\u00e9rcio, que iria at\u00e9 o pr\u00f3ximo domingo (19), at\u00e9 o dia 3 de maio.&hellip; <\/p>\n","protected":false},"author":2,"featured_media":164007,"comment_status":"closed","ping_status":"closed","sticky":false,"template":"","format":"standard","meta":{"sfsi_plus_gutenberg_text_before_share":"","sfsi_plus_gutenberg_show_text_before_share":"","sfsi_plus_gutenberg_icon_type":"","sfsi_plus_gutenberg_icon_alignemt":"","sfsi_plus_gutenburg_max_per_row":"","footnotes":""},"categories":[11],"tags":[],"class_list":["post-164002","post","type-post","status-publish","format-standard","has-post-thumbnail","hentry","category-politica"],"_links":{"self":[{"href":"https:\/\/www.caririemacao.com\/1\/wp-json\/wp\/v2\/posts\/164002","targetHints":{"allow":["GET"]}}],"collection":[{"href":"https:\/\/www.caririemacao.com\/1\/wp-json\/wp\/v2\/posts"}],"about":[{"href":"https:\/\/www.caririemacao.com\/1\/wp-json\/wp\/v2\/types\/post"}],"author":[{"embeddable":true,"href":"https:\/\/www.caririemacao.com\/1\/wp-json\/wp\/v2\/users\/2"}],"replies":[{"embeddable":true,"href":"https:\/\/www.caririemacao.com\/1\/wp-json\/wp\/v2\/comments?post=164002"}],"version-history":[{"count":2,"href":"https:\/\/www.caririemacao.com\/1\/wp-json\/wp\/v2\/posts\/164002\/revisions"}],"predecessor-version":[{"id":164079,"href":"https:\/\/www.caririemacao.com\/1\/wp-json\/wp\/v2\/posts\/164002\/revisions\/164079"}],"wp:featuredmedia":[{"embeddable":true,"href":"https:\/\/www.caririemacao.com\/1\/wp-json\/wp\/v2\/media\/164007"}],"wp:attachment":[{"href":"https:\/\/www.caririemacao.com\/1\/wp-json\/wp\/v2\/media?parent=164002"}],"wp:term":[{"taxonomy":"category","embeddable":true,"href":"https:\/\/www.caririemacao.com\/1\/wp-json\/wp\/v2\/categories?post=164002"},{"taxonomy":"post_tag","embeddable":true,"href":"https:\/\/www.caririemacao.com\/1\/wp-json\/wp\/v2\/tags?post=164002"}],"curies":[{"name":"wp","href":"https:\/\/api.w.org\/{rel}","templated":true}]}}