{"id":164006,"date":"2020-04-15T07:23:51","date_gmt":"2020-04-15T10:23:51","guid":{"rendered":"http:\/\/www.caririemacao.com\/1\/?p=164006"},"modified":"2020-04-15T07:23:53","modified_gmt":"2020-04-15T10:23:53","slug":"homem-de-99-anos-e-o-mais-velho-a-ser-curado-do-novo-coronavirus","status":"publish","type":"post","link":"https:\/\/www.caririemacao.com\/1\/2020\/04\/15\/homem-de-99-anos-e-o-mais-velho-a-ser-curado-do-novo-coronavirus\/","title":{"rendered":"Homem de 99 anos \u00e9 o mais velho a ser curado do novo Coronav\u00edrus"},"content":{"rendered":"\n<p>Aos 99 anos, o ex-integrante da For\u00e7a Expedicion\u00e1ria Brasileira (FEB) Ermando Piveta recebeu alta hoje (14) do Hospital das For\u00e7as Armadas (HFA), na capital federal, ap\u00f3s interna\u00e7\u00e3o por covid-19. Ele \u00e9 o brasileiro mais velho a receber alta ap\u00f3s tratamento do novo coronav\u00edrus.<\/p>\n\n\n\n<p>\u201cO paciente chegou ao hospital no dia 6 de abril, com um quadro de infec\u00e7\u00e3o pulmonar, j\u00e1 era sabidamente covid positivo e teve uma infec\u00e7\u00e3o bacteriana secund\u00e1ria. As primeiras 48 horas foram mais complicadas porque teve que ficar no CTI, em observa\u00e7\u00e3o ventilat\u00f3ria, o desconforto era grande, mas n\u00e3o chegou a evoluir para ventila\u00e7\u00e3o mec\u00e2nica\u201d, disse Nestor Francisco Miranda J\u00fanior, Diretor T\u00e9cnico de Sa\u00fade do Hospital das For\u00e7as Armadas.<\/p>\n\n\n\n<p>\u201cA partir disso, houve uma grande melhora, respondendo bem aos antibi\u00f3ticos empregados e hoje ele recebe alta j\u00e1 curado e pronto para seu conv\u00edvio familiar\u201d, acrescentou. O militar da reserva permaneceu por oito dias na Ala covid&nbsp;do hospital, exclusiva para os casos positivos da doen\u00e7a.<\/p>\n\n\n\n<p>\u201cVencer esta batalha para mim foi maior do que vencer a guerra, porque essa \u00e9 uma peste, como em 1918 [Gripe Espanhola], \u00e9 mundial. Eu sa\u00ed dessa. Para mim, foi uma luta tremenda, mais do que na guerra. Na guerra voc\u00ea mata ou vive. Aqui voc\u00ea tem que lutar para viver e eu sa\u00ed dessa luta vencedor\u201d, disse Piveta ao deixar o hospital, conforme divulgou o Ex\u00e9rcito brasileiro.<\/p>\n\n\n\n<p>Ele agradeceu os cuidados da equipe de sa\u00fade. \u201cQuero dar os parab\u00e9ns \u00e0 equipe m\u00e9dica que tanto me ajudou e a for\u00e7a que o Ex\u00e9rcito me deu, acompanhando minha sa\u00fade. Estou com uma emo\u00e7\u00e3o tremenda.\u201d<\/p>\n\n\n\n<p>Edi\u00e7\u00e3o: Denise Griesinger\\ Fanoticias<\/p>\n","protected":false},"excerpt":{"rendered":"<p>Aos 99 anos, o ex-integrante da For\u00e7a Expedicion\u00e1ria Brasileira (FEB) Ermando Piveta recebeu alta hoje (14) do Hospital das For\u00e7as Armadas (HFA), na capital federal,&hellip; <\/p>\n","protected":false},"author":1,"featured_media":164008,"comment_status":"closed","ping_status":"closed","sticky":false,"template":"","format":"standard","meta":{"sfsi_plus_gutenberg_text_before_share":"","sfsi_plus_gutenberg_show_text_before_share":"","sfsi_plus_gutenberg_icon_type":"","sfsi_plus_gutenberg_icon_alignemt":"","sfsi_plus_gutenburg_max_per_row":"","footnotes":""},"categories":[16],"tags":[],"class_list":["post-164006","post","type-post","status-publish","format-standard","has-post-thumbnail","hentry","category-saude"],"_links":{"self":[{"href":"https:\/\/www.caririemacao.com\/1\/wp-json\/wp\/v2\/posts\/164006","targetHints":{"allow":["GET"]}}],"collection":[{"href":"https:\/\/www.caririemacao.com\/1\/wp-json\/wp\/v2\/posts"}],"about":[{"href":"https:\/\/www.caririemacao.com\/1\/wp-json\/wp\/v2\/types\/post"}],"author":[{"embeddable":true,"href":"https:\/\/www.caririemacao.com\/1\/wp-json\/wp\/v2\/users\/1"}],"replies":[{"embeddable":true,"href":"https:\/\/www.caririemacao.com\/1\/wp-json\/wp\/v2\/comments?post=164006"}],"version-history":[{"count":1,"href":"https:\/\/www.caririemacao.com\/1\/wp-json\/wp\/v2\/posts\/164006\/revisions"}],"predecessor-version":[{"id":164011,"href":"https:\/\/www.caririemacao.com\/1\/wp-json\/wp\/v2\/posts\/164006\/revisions\/164011"}],"wp:featuredmedia":[{"embeddable":true,"href":"https:\/\/www.caririemacao.com\/1\/wp-json\/wp\/v2\/media\/164008"}],"wp:attachment":[{"href":"https:\/\/www.caririemacao.com\/1\/wp-json\/wp\/v2\/media?parent=164006"}],"wp:term":[{"taxonomy":"category","embeddable":true,"href":"https:\/\/www.caririemacao.com\/1\/wp-json\/wp\/v2\/categories?post=164006"},{"taxonomy":"post_tag","embeddable":true,"href":"https:\/\/www.caririemacao.com\/1\/wp-json\/wp\/v2\/tags?post=164006"}],"curies":[{"name":"wp","href":"https:\/\/api.w.org\/{rel}","templated":true}]}}