{"id":164012,"date":"2020-04-15T07:27:45","date_gmt":"2020-04-15T10:27:45","guid":{"rendered":"http:\/\/www.caririemacao.com\/1\/?p=164012"},"modified":"2020-04-15T07:27:46","modified_gmt":"2020-04-15T10:27:46","slug":"pequenos-negocios-produzem-mascaras-em-combate-contra-a-covid-19","status":"publish","type":"post","link":"https:\/\/www.caririemacao.com\/1\/2020\/04\/15\/pequenos-negocios-produzem-mascaras-em-combate-contra-a-covid-19\/","title":{"rendered":"Pequenos neg\u00f3cios produzem m\u00e1scaras em combate contra a Covid-19"},"content":{"rendered":"\n<p>A necessidade de isolamento social provocada pela pandemia do coronav\u00edrus (Covid-19) afetou a atividade de milhares de pequenos neg\u00f3cios em todo o Pa\u00eds.<\/p>\n\n\n\n<p>No entanto, a criatividade e a oportunidade de neg\u00f3cio neste per\u00edodo s\u00e3o as principais ferramentas para superar as adversidades atuais.<\/p>\n\n\n\n<p>Pequenos neg\u00f3cios paraibanos est\u00e3o aproveitando o momento para produzir m\u00e1scaras de prote\u00e7\u00e3o, desde as de tecido at\u00e9 as de acr\u00edlico, vendendo, inclusive, para o atacado.<\/p>\n\n\n\n<p>Uma delas \u00e9 a Tr\u00eas D Art e M\u00eddia, localizada em Catol\u00e9 do Rocha, Alto Sert\u00e3o da Para\u00edba, e que tem produ\u00e7\u00e3o di\u00e1ria de 250 pe\u00e7as, com mais de 2 mil unidades vendidas a pelo menos 20 prefeituras.<\/p>\n\n\n\n<p>O propriet\u00e1rio, Rodolfo Vieira, decidiu, junto com a esposa, Iaconara Ver\u00edssimo, produzir protetores faciais feitos de acr\u00edlico, acetato, poliestireno e el\u00e1stico anat\u00f4mico.<\/p>\n\n\n\n<p>Por j\u00e1 ter atuado como enfermeira, Iaconara, al\u00e9m de ter auxiliado com a rede de contatos, acompanhou a produ\u00e7\u00e3o para que as m\u00e1scaras seguissem todas as normas exigidas pelo Minist\u00e9rio da Sa\u00fade.<\/p>\n\n\n\n<p>O empreendedor explica, tamb\u00e9m, que os protetores faciais podem ser reutilizados e, al\u00e9m de vender a partir de uma pe\u00e7a, foi lan\u00e7ada a vers\u00e3o infantil.<\/p>\n\n\n\n<p>\u201cEstamos atendendo a prefeituras que nem conhec\u00edamos. Al\u00e9m dos oito funcion\u00e1rios que temos, tivemos de contratar tempor\u00e1rios para atender a demanda e criamos um programa de incentivo para que nossos colaboradores ganhem com o aumento da produ\u00e7\u00e3o em hor\u00e1rios alternativos. Minha esposa foi essencial para seguirmos em frente com essa ideia\u201d, destaca, acrescentando que o protetor facial j\u00e1 foi vendido para cidades como Natal, Mossor\u00f3 e Campina Grande.<\/p>\n\n\n\n<p>Outro caso de criatividade \u00e9 o da microempres\u00e1ria e artes\u00e3 da moda Ana Maia, que criou a Deo Gratia com o objetivo de produzir m\u00e1scaras de tecido em tricoline 100% algod\u00e3o neste per\u00edodo.<\/p>\n\n\n\n<p>Ela atua h\u00e1 15 anos com fabrica\u00e7\u00e3o de roupas em algod\u00e3o colorido e contou que pretende gerar renda para costureiras e artes\u00e3os que j\u00e1 trabalham em parceria com ela.<\/p>\n\n\n\n<p>\u201cCome\u00e7amos a produ\u00e7\u00e3o na semana passada e j\u00e1 recebemos propostas, mas ainda n\u00e3o fechamos neg\u00f3cios por causa do feriado. Com essas m\u00e1scaras, quero que a empresa tenha condi\u00e7\u00f5es de manter esses artes\u00e3os. Nossa capacidade de produ\u00e7\u00e3o ser\u00e1 de pelo menos 800 m\u00e1scaras por dia\u201d, contabiliza.<\/p>\n\n\n\n<div class=\"wp-block-image\"><figure class=\"aligncenter\"><img decoding=\"async\" data-src=\"https:\/\/www.helenolima.com\/wp-content\/uploads\/2020\/04\/M%C3%A1scaras-tecido-1-225x300.jpeg\" alt=\"\" class=\"wp-image-7852 lazyload\" src=\"data:image\/svg+xml;base64,PHN2ZyB3aWR0aD0iMSIgaGVpZ2h0PSIxIiB4bWxucz0iaHR0cDovL3d3dy53My5vcmcvMjAwMC9zdmciPjwvc3ZnPg==\" style=\"--smush-placeholder-width: 225px; --smush-placeholder-aspect-ratio: 225\/300;\" \/><\/figure><\/div>\n\n\n\n<p>Segundo a microempres\u00e1ria, tamb\u00e9m ser\u00e1 poss\u00edvel comprar m\u00e1scaras avulsas.<\/p>\n\n\n\n<p>\u201cNossa estrat\u00e9gia \u00e9 procurar pontos onde h\u00e1 grande circula\u00e7\u00e3o de pessoas, como supermercados\u201d, pondera.<\/p>\n\n\n\n<p>Para&nbsp;o gerente regional do Sebrae, L\u00facio Wolmer, o apoio da institui\u00e7\u00e3o, por meio de consultorias realizadas anteriormente, permitiu a percep\u00e7\u00e3o dos empreendedores para essa oportunidade de neg\u00f3cio.<\/p>\n\n\n\n<p>\u201cO empreendedorismo de fato acontece quando temos a capacidade de invertermos as a\u00e7\u00f5es e nos adequarmos aos momentos e necessidades. Acima de tudo, estas nuances atuam com responsabilidade com o pr\u00f3ximo e proporcionam uma oportunidade que deve ser seguida por outras empresas. Afinal de contas, oportunidades nunca deixar\u00e3o de existir e apenas os que estiverem com a percep\u00e7\u00e3o voltada para os clientes e necessidades do mercado poder\u00e3o aproveitar da melhor forma\u201d, afirma.<\/p>\n\n\n\n<p>Com Heleno Lima<\/p>\n","protected":false},"excerpt":{"rendered":"<p>A necessidade de isolamento social provocada pela pandemia do coronav\u00edrus (Covid-19) afetou a atividade de milhares de pequenos neg\u00f3cios em todo o Pa\u00eds. No entanto,&hellip; <\/p>\n","protected":false},"author":1,"featured_media":164013,"comment_status":"closed","ping_status":"closed","sticky":false,"template":"","format":"standard","meta":{"sfsi_plus_gutenberg_text_before_share":"","sfsi_plus_gutenberg_show_text_before_share":"","sfsi_plus_gutenberg_icon_type":"","sfsi_plus_gutenberg_icon_alignemt":"","sfsi_plus_gutenburg_max_per_row":"","footnotes":""},"categories":[6,16],"tags":[],"class_list":["post-164012","post","type-post","status-publish","format-standard","has-post-thumbnail","hentry","category-cidades","category-saude"],"_links":{"self":[{"href":"https:\/\/www.caririemacao.com\/1\/wp-json\/wp\/v2\/posts\/164012","targetHints":{"allow":["GET"]}}],"collection":[{"href":"https:\/\/www.caririemacao.com\/1\/wp-json\/wp\/v2\/posts"}],"about":[{"href":"https:\/\/www.caririemacao.com\/1\/wp-json\/wp\/v2\/types\/post"}],"author":[{"embeddable":true,"href":"https:\/\/www.caririemacao.com\/1\/wp-json\/wp\/v2\/users\/1"}],"replies":[{"embeddable":true,"href":"https:\/\/www.caririemacao.com\/1\/wp-json\/wp\/v2\/comments?post=164012"}],"version-history":[{"count":1,"href":"https:\/\/www.caririemacao.com\/1\/wp-json\/wp\/v2\/posts\/164012\/revisions"}],"predecessor-version":[{"id":164014,"href":"https:\/\/www.caririemacao.com\/1\/wp-json\/wp\/v2\/posts\/164012\/revisions\/164014"}],"wp:featuredmedia":[{"embeddable":true,"href":"https:\/\/www.caririemacao.com\/1\/wp-json\/wp\/v2\/media\/164013"}],"wp:attachment":[{"href":"https:\/\/www.caririemacao.com\/1\/wp-json\/wp\/v2\/media?parent=164012"}],"wp:term":[{"taxonomy":"category","embeddable":true,"href":"https:\/\/www.caririemacao.com\/1\/wp-json\/wp\/v2\/categories?post=164012"},{"taxonomy":"post_tag","embeddable":true,"href":"https:\/\/www.caririemacao.com\/1\/wp-json\/wp\/v2\/tags?post=164012"}],"curies":[{"name":"wp","href":"https:\/\/api.w.org\/{rel}","templated":true}]}}