{"id":164015,"date":"2020-04-15T07:31:58","date_gmt":"2020-04-15T10:31:58","guid":{"rendered":"http:\/\/www.caririemacao.com\/1\/?p=164015"},"modified":"2020-04-15T07:31:59","modified_gmt":"2020-04-15T10:31:59","slug":"projetos-suspendem-prazo-de-validade-de-concursos-durante-calamidade-publica","status":"publish","type":"post","link":"https:\/\/www.caririemacao.com\/1\/2020\/04\/15\/projetos-suspendem-prazo-de-validade-de-concursos-durante-calamidade-publica\/","title":{"rendered":"Projetos suspendem prazo de validade de concursos durante calamidade p\u00fablica"},"content":{"rendered":"\n<p>Projetos de lei em an\u00e1lise na C\u00e2mara dos Deputados suspendem os prazos de validade dos concursos p\u00fablicos j\u00e1 homologados durante o estado de calamidade p\u00fablica decorrente da pandemia de Covid-19. Com a medida, os autores das propostas pretendem evitar preju\u00edzos aos candidatos e tamb\u00e9m que postos de trabalho essenciais fiquem vagos durante este per\u00edodo.<\/p>\n\n\n\n<p>Apresentado pelo deputado&nbsp;<a href=\"https:\/\/www.camara.leg.br\/deputados\/178874?utm_source=sergiorios.com.br&amp;utm_medium=referral&amp;utm_content=portal_primenews&amp;utm_campaign=hotfixpress\">Sergio Vidigal (PDT-ES)<\/a>, o&nbsp;<a href=\"https:\/\/www.camara.leg.br\/noticias\/653423-projeto-suspende-prazo-de-validade-de-concursos-durante-pandemia?utm_source=sergiorios.com.br&amp;utm_medium=referral&amp;utm_content=portal_primenews&amp;utm_campaign=hotfixpress\">PL 1405\/20<\/a>&nbsp;suspende os prazos de validade de todos os concursos p\u00fablicos federais, estaduais e municipais, seja da administra\u00e7\u00e3o direta ou indireta.<\/p>\n\n\n\n<p>&#8220;Poderemos levar muito tempo para a realiza\u00e7\u00e3o de novos concursos, e o vencimento do prazo dos concursos j\u00e1 homologados durante o estado de calamidade p\u00fablica poder\u00e1 deixar muitos postos de trabalho essenciais desocupados, causando ainda mais preju\u00edzos \u00e0 popula\u00e7\u00e3o que depende dos servi\u00e7os&#8221;, pondera o parlamentar.<\/p>\n\n\n\n<p>Conforme o projeto, a suspens\u00e3o dos prazos de validade dever\u00e1 ser publicada pelos organizadores dos concursos nos ve\u00edculos oficiais previstos no edital das provas. Os prazos voltar\u00e3o a correr ap\u00f3s o fim do per\u00edodo de calamidade p\u00fablica.<\/p>\n\n\n\n<p>Atualmente, a validade dos concursos \u00e9 de at\u00e9 dois anos, prorrog\u00e1vel uma \u00fanica vez por igual per\u00edodo.<\/p>\n\n\n\n<p><strong>Convoca\u00e7\u00e3o mantida<\/strong><br>O&nbsp;<a href=\"https:\/\/www.camara.leg.br\/noticias\/653403-projeto-suspende-prazos-de-concurso-durante-estado-de-calamidade?utm_source=sergiorios.com.br&amp;utm_medium=referral&amp;utm_content=portal_primenews&amp;utm_campaign=hotfixpress\">PL 1580\/20<\/a>, da deputada&nbsp;<a href=\"https:\/\/www.camara.leg.br\/deputados\/204447?utm_source=sergiorios.com.br&amp;utm_medium=referral&amp;utm_content=portal_primenews&amp;utm_campaign=hotfixpress\">Flordelis (PSD-RJ)<\/a>, tamb\u00e9m suspende os prazos de validade dos concursos p\u00fablicos enquanto durar no Brasil o estado de calamidade p\u00fablica decorrente da pandemia de Covid-19. A medida n\u00e3o impedir\u00e1 a convoca\u00e7\u00e3o dos aprovados nos exames, nem a realiza\u00e7\u00e3o de demais etapas e fases dos concursos em andamento.<\/p>\n\n\n\n<p>&#8220;Neste cen\u00e1rio de incertezas, n\u00e3o \u00e9 razo\u00e1vel permitir que os concursos p\u00fablicos percam os prazos de validade, gerando um gasto desnecess\u00e1rio de recursos p\u00fablicos com a realiza\u00e7\u00e3o de novos certames&#8221;, afirma a parlamentar.<\/p>\n\n\n\n<p>A proposta determina ainda a retomada da contagem dos prazos de validade j\u00e1 no dia seguinte ao t\u00e9rmino do estado de calamidade.<\/p>\n\n\n\n<p><strong>Regra geral<\/strong><br>Por fim, o&nbsp;<a href=\"https:\/\/www.camara.leg.br\/noticias\/653386-projeto-suspende-prazo-de-concursos-durante-calamidades-publicas?utm_source=sergiorios.com.br&amp;utm_medium=referral&amp;utm_content=portal_primenews&amp;utm_campaign=hotfixpress\">PL 1676\/20<\/a>&nbsp;suspende os prazos de validade dos concursos p\u00fablicos j\u00e1 homologados, nos casos de emerg\u00eancia ou de calamidade p\u00fablica. Pelo texto, tais prazos ser\u00e3o suspensos em todo o territ\u00f3rio nacional, at\u00e9 o t\u00e9rmino da vig\u00eancia do estado de anormalidade.<\/p>\n\n\n\n<p>A proposta, do deputado&nbsp;<a href=\"https:\/\/www.camara.leg.br\/deputados\/204383?utm_source=sergiorios.com.br&amp;utm_medium=referral&amp;utm_content=portal_primenews&amp;utm_campaign=hotfixpress\">Professor Israel Batista (PV-DF)<\/a>, acrescenta as medidas \u00e0&nbsp;<a href=\"http:\/\/www2.camara.gov.br\/legin\/fed\/lei\/1990\/lei-8112-11-dezembro-1990-322161-norma-pl.html?utm_source=sergiorios.com.br&amp;utm_medium=referral&amp;utm_content=portal_primenews&amp;utm_campaign=hotfixpress\">Lei 8.112\/90<\/a>, que trata do regime jur\u00eddico dos servidores p\u00fablicos federais.<\/p>\n\n\n\n<p>Reportagem \u2013 No\u00e9li Nobre<br>Edi\u00e7\u00e3o \u2013 Rachel Librelon<\/p>\n\n\n\n<p><strong>Fonte: Ag\u00eancia C\u00e2mara de Not\u00edcias<\/strong><\/p>\n","protected":false},"excerpt":{"rendered":"<p>Projetos de lei em an\u00e1lise na C\u00e2mara dos Deputados suspendem os prazos de validade dos concursos p\u00fablicos j\u00e1 homologados durante o estado de calamidade p\u00fablica&hellip; <\/p>\n","protected":false},"author":1,"featured_media":164016,"comment_status":"closed","ping_status":"closed","sticky":false,"template":"","format":"standard","meta":{"sfsi_plus_gutenberg_text_before_share":"","sfsi_plus_gutenberg_show_text_before_share":"","sfsi_plus_gutenberg_icon_type":"","sfsi_plus_gutenberg_icon_alignemt":"","sfsi_plus_gutenburg_max_per_row":"","footnotes":""},"categories":[2],"tags":[],"class_list":["post-164015","post","type-post","status-publish","format-standard","has-post-thumbnail","hentry","category-geral"],"_links":{"self":[{"href":"https:\/\/www.caririemacao.com\/1\/wp-json\/wp\/v2\/posts\/164015","targetHints":{"allow":["GET"]}}],"collection":[{"href":"https:\/\/www.caririemacao.com\/1\/wp-json\/wp\/v2\/posts"}],"about":[{"href":"https:\/\/www.caririemacao.com\/1\/wp-json\/wp\/v2\/types\/post"}],"author":[{"embeddable":true,"href":"https:\/\/www.caririemacao.com\/1\/wp-json\/wp\/v2\/users\/1"}],"replies":[{"embeddable":true,"href":"https:\/\/www.caririemacao.com\/1\/wp-json\/wp\/v2\/comments?post=164015"}],"version-history":[{"count":1,"href":"https:\/\/www.caririemacao.com\/1\/wp-json\/wp\/v2\/posts\/164015\/revisions"}],"predecessor-version":[{"id":164017,"href":"https:\/\/www.caririemacao.com\/1\/wp-json\/wp\/v2\/posts\/164015\/revisions\/164017"}],"wp:featuredmedia":[{"embeddable":true,"href":"https:\/\/www.caririemacao.com\/1\/wp-json\/wp\/v2\/media\/164016"}],"wp:attachment":[{"href":"https:\/\/www.caririemacao.com\/1\/wp-json\/wp\/v2\/media?parent=164015"}],"wp:term":[{"taxonomy":"category","embeddable":true,"href":"https:\/\/www.caririemacao.com\/1\/wp-json\/wp\/v2\/categories?post=164015"},{"taxonomy":"post_tag","embeddable":true,"href":"https:\/\/www.caririemacao.com\/1\/wp-json\/wp\/v2\/tags?post=164015"}],"curies":[{"name":"wp","href":"https:\/\/api.w.org\/{rel}","templated":true}]}}