{"id":164019,"date":"2020-04-15T07:37:50","date_gmt":"2020-04-15T10:37:50","guid":{"rendered":"http:\/\/www.caririemacao.com\/1\/?p=164019"},"modified":"2020-04-15T07:37:52","modified_gmt":"2020-04-15T10:37:52","slug":"ufpe-disponibiliza-r-1-milhao-para-acoes-de-diagnostico-e-prevencao-da-covid-19","status":"publish","type":"post","link":"https:\/\/www.caririemacao.com\/1\/2020\/04\/15\/ufpe-disponibiliza-r-1-milhao-para-acoes-de-diagnostico-e-prevencao-da-covid-19\/","title":{"rendered":"UFPE disponibiliza R$ 1 milh\u00e3o para a\u00e7\u00f5es de diagn\u00f3stico e preven\u00e7\u00e3o da Covid-19"},"content":{"rendered":"\n<p>A UFPE, por meio da Pr\u00f3-Reitoria para Assuntos de Pesquisa e P\u00f3s-Gradua\u00e7\u00e3o (Propesq), publicou nesta segunda-feira (13) o Edital Emergencial de Credenciamento e Fomento de Projetos, Visando A\u00e7\u00f5es para o Diagn\u00f3stico e Preven\u00e7\u00e3o da Covid-19. O apoio \u00e9 individual e corresponde ao pagamento de aux\u00edlio financeiro em at\u00e9 R$ 50 mil. Interessados podem submeter propostas at\u00e9 esta quinta-feira (16). A Universidade vai disponibilizar at\u00e9 R$ 1 milh\u00e3o para as propostas aprovadas.<br><\/p>\n\n\n\n<p>A chamada visa apoiar despesas com itens inclu\u00eddos na rubrica de custeio, como, por exemplo, material de consumo, servi\u00e7o de terceiros, servi\u00e7o de adequa\u00e7\u00e3o. A aplica\u00e7\u00e3o dos recursos deve respeitar as normas do \u201cManual de Instru\u00e7\u00f5es para Concess\u00e3o e Presta\u00e7\u00e3o de Contas referentes ao Aux\u00edlio Financeiro a Pesquisador\u201d, regulamentado pela Resolu\u00e7\u00e3o n\u00ba 10\/2014 do Conselho Coordenador de Ensino, Pesquisa e Extens\u00e3o da UFPE (CCEPE). As solicita\u00e7\u00f5es de apoio devem ser encaminhadas, diretamente, pelo pesquisador \u00e0 Diretoria de Pesquisa da Propesq na forma de processo eletr\u00f4nico no Sistema Integrado de Patrim\u00f4nio, Administra\u00e7\u00e7ao e Contratos (Sipac).\u00a0<\/p>\n\n\n\n<p>Com Di\u00e1rio de Pernambuco<\/p>\n","protected":false},"excerpt":{"rendered":"<p>A UFPE, por meio da Pr\u00f3-Reitoria para Assuntos de Pesquisa e P\u00f3s-Gradua\u00e7\u00e3o (Propesq), publicou nesta segunda-feira (13) o Edital Emergencial de Credenciamento e Fomento de&hellip; <\/p>\n","protected":false},"author":1,"featured_media":164020,"comment_status":"closed","ping_status":"closed","sticky":false,"template":"","format":"standard","meta":{"sfsi_plus_gutenberg_text_before_share":"","sfsi_plus_gutenberg_show_text_before_share":"","sfsi_plus_gutenberg_icon_type":"","sfsi_plus_gutenberg_icon_alignemt":"","sfsi_plus_gutenburg_max_per_row":"","footnotes":""},"categories":[16],"tags":[],"class_list":["post-164019","post","type-post","status-publish","format-standard","has-post-thumbnail","hentry","category-saude"],"_links":{"self":[{"href":"https:\/\/www.caririemacao.com\/1\/wp-json\/wp\/v2\/posts\/164019","targetHints":{"allow":["GET"]}}],"collection":[{"href":"https:\/\/www.caririemacao.com\/1\/wp-json\/wp\/v2\/posts"}],"about":[{"href":"https:\/\/www.caririemacao.com\/1\/wp-json\/wp\/v2\/types\/post"}],"author":[{"embeddable":true,"href":"https:\/\/www.caririemacao.com\/1\/wp-json\/wp\/v2\/users\/1"}],"replies":[{"embeddable":true,"href":"https:\/\/www.caririemacao.com\/1\/wp-json\/wp\/v2\/comments?post=164019"}],"version-history":[{"count":1,"href":"https:\/\/www.caririemacao.com\/1\/wp-json\/wp\/v2\/posts\/164019\/revisions"}],"predecessor-version":[{"id":164021,"href":"https:\/\/www.caririemacao.com\/1\/wp-json\/wp\/v2\/posts\/164019\/revisions\/164021"}],"wp:featuredmedia":[{"embeddable":true,"href":"https:\/\/www.caririemacao.com\/1\/wp-json\/wp\/v2\/media\/164020"}],"wp:attachment":[{"href":"https:\/\/www.caririemacao.com\/1\/wp-json\/wp\/v2\/media?parent=164019"}],"wp:term":[{"taxonomy":"category","embeddable":true,"href":"https:\/\/www.caririemacao.com\/1\/wp-json\/wp\/v2\/categories?post=164019"},{"taxonomy":"post_tag","embeddable":true,"href":"https:\/\/www.caririemacao.com\/1\/wp-json\/wp\/v2\/tags?post=164019"}],"curies":[{"name":"wp","href":"https:\/\/api.w.org\/{rel}","templated":true}]}}