{"id":164022,"date":"2020-04-15T07:41:48","date_gmt":"2020-04-15T10:41:48","guid":{"rendered":"http:\/\/www.caririemacao.com\/1\/?p=164022"},"modified":"2020-04-15T07:41:49","modified_gmt":"2020-04-15T10:41:49","slug":"ccj-da-camara-de-joao-pessoa-realiza-reuniao-remota-nesta-quarta-feira-15","status":"publish","type":"post","link":"https:\/\/www.caririemacao.com\/1\/2020\/04\/15\/ccj-da-camara-de-joao-pessoa-realiza-reuniao-remota-nesta-quarta-feira-15\/","title":{"rendered":"CCJ da C\u00e2mara de Jo\u00e3o Pessoa realiza reuni\u00e3o remota nesta quarta-feira (15)"},"content":{"rendered":"\n<p>A Comiss\u00e3o de Constitui\u00e7\u00e3o, Justi\u00e7a, Reda\u00e7\u00e3o e Legisla\u00e7\u00e3o Participativa (CCJ) da C\u00e2mara Municipal de Jo\u00e3o Pessoa (CMJP) vai se reunir, de forma remota, na manh\u00e3 desta quarta-feira (15) para apreciar as mat\u00e9rias em pauta. A convoca\u00e7\u00e3o da reuni\u00e3o foi anunciada pelo presidente da comiss\u00e3o, vereador Thiago Lucena (PRTB), na manh\u00e3 desta ter\u00e7a-feira (14). O parlamentar afirmou ainda que a comiss\u00e3o far\u00e1 uso de ferramenta de vota\u00e7\u00e3o virtual utilizada pelo Senado Federal, disponibilizada pelo Interlegis.<br><br>Devido ao per\u00edodo de isolamento social proveniente da pandemia de Covid 19 no mundo, a reuni\u00e3o ser\u00e1 de forma remota, a fim de garantir maior seguran\u00e7a dos vereadores e servidores da Casa. Apenas Thiago Lucena e uma equipe reduzida do setor de comiss\u00f5es estar\u00e3o presentes na CMJP para garantir a log\u00edstica da aprecia\u00e7\u00e3o das mat\u00e9rias em pauta, sendo tomados todos os cuidados necess\u00e1rios.<br><br>Thiago Lucena afirmou que a Casa j\u00e1 estava trilhando um caminho para a digitaliza\u00e7\u00e3o dos processos legislativos e a vota\u00e7\u00e3o remota compreende um grande passo nessa dire\u00e7\u00e3o. \u201cEstamos trabalhando para deixar tudo digital. Faremos uma reuni\u00e3o deliberativa com uma plataforma de vota\u00e7\u00e3o que \u00e9 recomendada pelo Senado Federal, e assim vamos adaptar o sistema ao nosso legislativo, solucionando as poss\u00edveis dificuldades encontradas\u201d, explicou o presidente da CCJ, lembrando que, para esta reuni\u00e3o, apenas tr\u00eas pessoas v\u00e3o ser necess\u00e1rias presencialmente, mas o objetivo \u00e9 que o processo seja totalmente virtual.<br><br>\u201cA CMJP representa um trabalho que n\u00e3o pode parar. Fomos surpreendidos por essa pandemia, mas temos que estar dispon\u00edveis, juntamente com o Executivo Municipal, para viabilizar formas de combate ao v\u00edrus. Nenhuma democracia funciona bem sem as institui\u00e7\u00f5es, e \u00e9 neste momento que \u00e9 importante o fortalecimento delas para sair dessa situa\u00e7\u00e3o o mais r\u00e1pido poss\u00edvel, olhando sempre para a \u00e1rea da sa\u00fade, mas tamb\u00e9m para a economia\u201d, enfatizou Thiago Lucena.<\/p>\n\n\n\n<p><br>A reuni\u00e3o que vai acontecer nesta quarta-feira (15) \u00e9 considerada extraordin\u00e1ria por n\u00e3o ser realizada no dia pr\u00e9-fixado de reuni\u00f5es das comiss\u00f5es permanentes da Casa, que \u00e9 na segunda-feira, e n\u00e3o implica remunera\u00e7\u00e3o extra.<\/p>\n\n\n\n<p>Com S\u00f3PB<br><\/p>\n","protected":false},"excerpt":{"rendered":"<p>A Comiss\u00e3o de Constitui\u00e7\u00e3o, Justi\u00e7a, Reda\u00e7\u00e3o e Legisla\u00e7\u00e3o Participativa (CCJ) da C\u00e2mara Municipal de Jo\u00e3o Pessoa (CMJP) vai se reunir, de forma remota, na manh\u00e3&hellip; <\/p>\n","protected":false},"author":1,"featured_media":164023,"comment_status":"closed","ping_status":"closed","sticky":false,"template":"","format":"standard","meta":{"sfsi_plus_gutenberg_text_before_share":"","sfsi_plus_gutenberg_show_text_before_share":"","sfsi_plus_gutenberg_icon_type":"","sfsi_plus_gutenberg_icon_alignemt":"","sfsi_plus_gutenburg_max_per_row":"","footnotes":""},"categories":[11],"tags":[],"class_list":["post-164022","post","type-post","status-publish","format-standard","has-post-thumbnail","hentry","category-politica"],"_links":{"self":[{"href":"https:\/\/www.caririemacao.com\/1\/wp-json\/wp\/v2\/posts\/164022","targetHints":{"allow":["GET"]}}],"collection":[{"href":"https:\/\/www.caririemacao.com\/1\/wp-json\/wp\/v2\/posts"}],"about":[{"href":"https:\/\/www.caririemacao.com\/1\/wp-json\/wp\/v2\/types\/post"}],"author":[{"embeddable":true,"href":"https:\/\/www.caririemacao.com\/1\/wp-json\/wp\/v2\/users\/1"}],"replies":[{"embeddable":true,"href":"https:\/\/www.caririemacao.com\/1\/wp-json\/wp\/v2\/comments?post=164022"}],"version-history":[{"count":1,"href":"https:\/\/www.caririemacao.com\/1\/wp-json\/wp\/v2\/posts\/164022\/revisions"}],"predecessor-version":[{"id":164024,"href":"https:\/\/www.caririemacao.com\/1\/wp-json\/wp\/v2\/posts\/164022\/revisions\/164024"}],"wp:featuredmedia":[{"embeddable":true,"href":"https:\/\/www.caririemacao.com\/1\/wp-json\/wp\/v2\/media\/164023"}],"wp:attachment":[{"href":"https:\/\/www.caririemacao.com\/1\/wp-json\/wp\/v2\/media?parent=164022"}],"wp:term":[{"taxonomy":"category","embeddable":true,"href":"https:\/\/www.caririemacao.com\/1\/wp-json\/wp\/v2\/categories?post=164022"},{"taxonomy":"post_tag","embeddable":true,"href":"https:\/\/www.caririemacao.com\/1\/wp-json\/wp\/v2\/tags?post=164022"}],"curies":[{"name":"wp","href":"https:\/\/api.w.org\/{rel}","templated":true}]}}