{"id":164025,"date":"2020-04-15T07:43:37","date_gmt":"2020-04-15T10:43:37","guid":{"rendered":"http:\/\/www.caririemacao.com\/1\/?p=164025"},"modified":"2020-04-15T07:43:38","modified_gmt":"2020-04-15T10:43:38","slug":"governo-comeca-aplicacao-de-testes-rapidos-em-profissionais-de-saude-e-de-seguranca","status":"publish","type":"post","link":"https:\/\/www.caririemacao.com\/1\/2020\/04\/15\/governo-comeca-aplicacao-de-testes-rapidos-em-profissionais-de-saude-e-de-seguranca\/","title":{"rendered":"Governo come\u00e7a aplica\u00e7\u00e3o de testes r\u00e1pidos em profissionais de sa\u00fade e de seguran\u00e7a"},"content":{"rendered":"\n<p>O Governo do Estado, por meio da Secretaria de Estado da Sa\u00fade (SES), iniciou nesta ter\u00e7a-feira (14) a aplica\u00e7\u00e3o dos testes r\u00e1pidos para detectar Covid-19 em profissionais de sa\u00fade e de seguran\u00e7a. Os testes est\u00e3o sendo realizados em 42 locais, distribu\u00eddos nos 12 munic\u00edpios sede das Regionais de Sa\u00fade e em unidades da Rede Hospitalar do estado.&nbsp;<\/p>\n\n\n\n<p>S\u00e3o 8.700 testes r\u00e1pidos que foram encaminhados pelo Minist\u00e9rio da Sa\u00fade para aplicar em profissionais de sa\u00fade e seguran\u00e7a que estejam com sintomas a partir do d\u00e9cimo dia, como orienta o Minist\u00e9rio da Sa\u00fade.<\/p>\n\n\n\n<p>Os munic\u00edpios sede para onde os testes foram distribu\u00eddos s\u00e3o: Jo\u00e3o Pessoa, Guarabira, Campina Grande, Cuit\u00e9, Monteiro, Patos, Pianc\u00f3, Catol\u00e9 do Rocha, Cajazeiras, Sousa, Princesa Isabel e Itabaiana.<\/p>\n\n\n\n<p>De acordo com o secret\u00e1rio de Estado da Sa\u00fade, Geraldo Medeiros, \u00e9 necess\u00e1rio refor\u00e7ar que o teste r\u00e1pido \u00e9 uma metodologia de triagem, n\u00e3o de diagn\u00f3stico. \u201cNeste momento, ser\u00e3o testados apenas os profissionais que est\u00e3o na linha de frente, uma vez que foram enviados pelo Minist\u00e9rio da Sa\u00fade para este fim\u201d, explica.<\/p>\n\n\n\n<p>O resultado dos testes r\u00e1pidos \u00e9 entregue entre 15 e 30 minutos, muito similar ao de Hepatite e Aids, no qual \u00e9 preciso apenas uma pequena gota de sangue em uma fita reagente.&nbsp;<\/p>\n\n\n\n<p>O profissional que apresentar laudo positivo precisar\u00e1 cumprir as medidas de isolamento, durante 14 dias e, caso j\u00e1 estejam em isolamento, dever\u00e1 prosseguir at\u00e9 completar o ciclo recomendado pelas autoridades de sa\u00fade. Se o resultado for negativo, deve retornar, imediatamente, ao trabalho.<\/p>\n\n\n\n<p>A Secretaria refor\u00e7a aos munic\u00edpios que realizem os testes e evitem aglomera\u00e7\u00e3o de pessoas.<\/p>\n\n\n\n<p>Secom-PB<\/p>\n","protected":false},"excerpt":{"rendered":"<p>O Governo do Estado, por meio da Secretaria de Estado da Sa\u00fade (SES), iniciou nesta ter\u00e7a-feira (14) a aplica\u00e7\u00e3o dos testes r\u00e1pidos para detectar Covid-19&hellip; <\/p>\n","protected":false},"author":1,"featured_media":164026,"comment_status":"closed","ping_status":"closed","sticky":false,"template":"","format":"standard","meta":{"sfsi_plus_gutenberg_text_before_share":"","sfsi_plus_gutenberg_show_text_before_share":"","sfsi_plus_gutenberg_icon_type":"","sfsi_plus_gutenberg_icon_alignemt":"","sfsi_plus_gutenburg_max_per_row":"","footnotes":""},"categories":[50,16],"tags":[],"class_list":["post-164025","post","type-post","status-publish","format-standard","has-post-thumbnail","hentry","category-destaque","category-saude"],"_links":{"self":[{"href":"https:\/\/www.caririemacao.com\/1\/wp-json\/wp\/v2\/posts\/164025","targetHints":{"allow":["GET"]}}],"collection":[{"href":"https:\/\/www.caririemacao.com\/1\/wp-json\/wp\/v2\/posts"}],"about":[{"href":"https:\/\/www.caririemacao.com\/1\/wp-json\/wp\/v2\/types\/post"}],"author":[{"embeddable":true,"href":"https:\/\/www.caririemacao.com\/1\/wp-json\/wp\/v2\/users\/1"}],"replies":[{"embeddable":true,"href":"https:\/\/www.caririemacao.com\/1\/wp-json\/wp\/v2\/comments?post=164025"}],"version-history":[{"count":1,"href":"https:\/\/www.caririemacao.com\/1\/wp-json\/wp\/v2\/posts\/164025\/revisions"}],"predecessor-version":[{"id":164027,"href":"https:\/\/www.caririemacao.com\/1\/wp-json\/wp\/v2\/posts\/164025\/revisions\/164027"}],"wp:featuredmedia":[{"embeddable":true,"href":"https:\/\/www.caririemacao.com\/1\/wp-json\/wp\/v2\/media\/164026"}],"wp:attachment":[{"href":"https:\/\/www.caririemacao.com\/1\/wp-json\/wp\/v2\/media?parent=164025"}],"wp:term":[{"taxonomy":"category","embeddable":true,"href":"https:\/\/www.caririemacao.com\/1\/wp-json\/wp\/v2\/categories?post=164025"},{"taxonomy":"post_tag","embeddable":true,"href":"https:\/\/www.caririemacao.com\/1\/wp-json\/wp\/v2\/tags?post=164025"}],"curies":[{"name":"wp","href":"https:\/\/api.w.org\/{rel}","templated":true}]}}