{"id":164041,"date":"2020-04-15T07:54:57","date_gmt":"2020-04-15T10:54:57","guid":{"rendered":"http:\/\/www.caririemacao.com\/1\/?p=164041"},"modified":"2020-04-15T07:54:59","modified_gmt":"2020-04-15T10:54:59","slug":"senado-aprova-projeto-que-autoriza-doacao-de-refeicoes-nao-vendidas","status":"publish","type":"post","link":"https:\/\/www.caririemacao.com\/1\/2020\/04\/15\/senado-aprova-projeto-que-autoriza-doacao-de-refeicoes-nao-vendidas\/","title":{"rendered":"Senado aprova projeto que autoriza doa\u00e7\u00e3o de refei\u00e7\u00f5es n\u00e3o vendidas"},"content":{"rendered":"\n<p>O Senado aprovou hoje (14) um projeto de lei que autoriza a doa\u00e7\u00e3o de refei\u00e7\u00f5es prontas para consumo que foram produzidas em excesso e, por isso, n\u00e3o foram comercializadas. O projeto, do senador Fernando Collor (Pros-AL), visa dar respaldo jur\u00eddico para doa\u00e7\u00f5es de refei\u00e7\u00f5es, algo que, segundo Collor.&nbsp;Agora o projeto segue para an\u00e1lise da C\u00e2mara dos Deputados.<\/p>\n\n\n\n<p>\u201cHoje, e \u00e9 incr\u00edvel isso, n\u00e3o podem fazer essa doa\u00e7\u00e3o porque a legisla\u00e7\u00e3o brasileira n\u00e3o permite. Ent\u00e3o, essa \u00e9 a forma de legalizarmos e darmos condi\u00e7\u00f5es para que o excedente da produ\u00e7\u00e3o de alimentos chegue na ponta, para as pessoas que est\u00e3o necessitadas e precisam se alimentar, sobretudo no momento em que essa pandemia traz desassossego aos lares brasileiros\u201d, disse o autor do projeto, aprovado com unanimidade.<\/p>\n\n\n\n<p>O projeto trata das empresas que fornecem refei\u00e7\u00f5es prontas para hospitais, supermercados e cooperativas, entre outros. Neste caso, o excedente da produ\u00e7\u00e3o que n\u00e3o for comercializado, e que ainda esteja pr\u00f3prio para consumo, pode ser doado. A doa\u00e7\u00e3o, segundo o projeto, pode ser feita diretamente, tendo colabora\u00e7\u00e3o do poder p\u00fablico ou de entidades beneficentes de assist\u00eancia social que prestam servi\u00e7o assistencial.<\/p>\n\n\n\n<p>Receber\u00e3o as doa\u00e7\u00f5es pessoas, fam\u00edlias ou grupos em situa\u00e7\u00e3o de vulnerabilidade ou de risco alimentar ou nutricional. Os senadores aprovaram o projeto de maneira un\u00e2nime e criticaram a falta de regulamenta\u00e7\u00e3o, at\u00e9 ent\u00e3o, de uma pol\u00edtica de doa\u00e7\u00e3o de alimentos. \u201cEm um pa\u00eds em que as pessoas est\u00e3o passando fome \u00e9 inaceit\u00e1vel que a gente jogue comida fora\u201d, disse Leila Barros (PSB-DF).<\/p>\n\n\n\n<p>\u201cEssa iniciativa amplia a possibilidade de doa\u00e7\u00f5es no per\u00edodo em que todos n\u00f3s estamos tocados pela gravidade da crise. E a gente v\u00ea que o brasileiro tem se mostrado solid\u00e1rio. Essa iniciativa vai atender muitas pessoas que precisam de comida. Lembro aqui os moradores de rua, que poder\u00e3o ser fortemente contemplados\u201d, disse l\u00edder do governo no Senado, Fernando Bezerra (MDB-PE).<\/p>\n","protected":false},"excerpt":{"rendered":"<p>O Senado aprovou hoje (14) um projeto de lei que autoriza a doa\u00e7\u00e3o de refei\u00e7\u00f5es prontas para consumo que foram produzidas em excesso e, por&hellip; <\/p>\n","protected":false},"author":2,"featured_media":164042,"comment_status":"closed","ping_status":"closed","sticky":false,"template":"","format":"standard","meta":{"sfsi_plus_gutenberg_text_before_share":"","sfsi_plus_gutenberg_show_text_before_share":"","sfsi_plus_gutenberg_icon_type":"","sfsi_plus_gutenberg_icon_alignemt":"","sfsi_plus_gutenburg_max_per_row":"","footnotes":""},"categories":[2],"tags":[],"class_list":["post-164041","post","type-post","status-publish","format-standard","has-post-thumbnail","hentry","category-geral"],"_links":{"self":[{"href":"https:\/\/www.caririemacao.com\/1\/wp-json\/wp\/v2\/posts\/164041","targetHints":{"allow":["GET"]}}],"collection":[{"href":"https:\/\/www.caririemacao.com\/1\/wp-json\/wp\/v2\/posts"}],"about":[{"href":"https:\/\/www.caririemacao.com\/1\/wp-json\/wp\/v2\/types\/post"}],"author":[{"embeddable":true,"href":"https:\/\/www.caririemacao.com\/1\/wp-json\/wp\/v2\/users\/2"}],"replies":[{"embeddable":true,"href":"https:\/\/www.caririemacao.com\/1\/wp-json\/wp\/v2\/comments?post=164041"}],"version-history":[{"count":1,"href":"https:\/\/www.caririemacao.com\/1\/wp-json\/wp\/v2\/posts\/164041\/revisions"}],"predecessor-version":[{"id":164043,"href":"https:\/\/www.caririemacao.com\/1\/wp-json\/wp\/v2\/posts\/164041\/revisions\/164043"}],"wp:featuredmedia":[{"embeddable":true,"href":"https:\/\/www.caririemacao.com\/1\/wp-json\/wp\/v2\/media\/164042"}],"wp:attachment":[{"href":"https:\/\/www.caririemacao.com\/1\/wp-json\/wp\/v2\/media?parent=164041"}],"wp:term":[{"taxonomy":"category","embeddable":true,"href":"https:\/\/www.caririemacao.com\/1\/wp-json\/wp\/v2\/categories?post=164041"},{"taxonomy":"post_tag","embeddable":true,"href":"https:\/\/www.caririemacao.com\/1\/wp-json\/wp\/v2\/tags?post=164041"}],"curies":[{"name":"wp","href":"https:\/\/api.w.org\/{rel}","templated":true}]}}