{"id":164049,"date":"2020-04-15T08:01:13","date_gmt":"2020-04-15T11:01:13","guid":{"rendered":"http:\/\/www.caririemacao.com\/1\/?p=164049"},"modified":"2020-04-15T08:01:14","modified_gmt":"2020-04-15T11:01:14","slug":"governador-do-para-helder-barbalho-esta-com-novo-coronavirus","status":"publish","type":"post","link":"https:\/\/www.caririemacao.com\/1\/2020\/04\/15\/governador-do-para-helder-barbalho-esta-com-novo-coronavirus\/","title":{"rendered":"Governador do Par\u00e1, Helder Barbalho, est\u00e1 com novo coronav\u00edrus"},"content":{"rendered":"\n<p>O governador do Par\u00e1, Helder Barbalho, informou nesta ter\u00e7a-feira (14) por meio das suas redes sociais que est\u00e1 com covid-19. Segundo o governador, parte da equipe que o acompanha j\u00e1 havia testado positivo para a doen\u00e7a.<\/p>\n\n\n\n<p>Barbalho fez um exame no \u00faltimo s\u00e1bado (11) e o resultado tinha dado inconclusivo. Ele fez tamb\u00e9m uma contra-prova que havia sido negativa, mas havia a recomenda\u00e7\u00e3o m\u00e9dica de que refizesse o exame hoje e esse resultado foi positivo para&nbsp;covid-19.<\/p>\n\n\n\n<p>Apesar de estar com a doen\u00e7a, o governador afirmou em v\u00eddeo publicado nas suas redes sociais que seu estado de sa\u00fade \u00e9 bom, que ele n\u00e3o apresenta sintomas e pediu que a popula\u00e7\u00e3o fique em casa e siga as recomenda\u00e7\u00f5es de isolamento social. Barbalho disse que sua mulher e filhos est\u00e3o bem e que desde a \u00faltima sexta-feira (10) ele trabalha de casa.<\/p>\n\n\n\n<p>\u201cEste v\u00edrus \u00e9 extremamente contagioso, ele n\u00e3o escolhe idade, ele n\u00e3o escolhe classe social. Todo mundo est\u00e1 exposto e todo mundo pode peg\u00e1-lo. Por isso fa\u00e7o um apelo a voc\u00ea. Fique em casa e vamos juntos vencer o Coronav\u00edrus\u201d.<\/p>\n\n\n\n<figure class=\"wp-block-image\"><a href=\"https:\/\/twitter.com\/helderbarbalho\"><img decoding=\"async\" data-src=\"https:\/\/pbs.twimg.com\/profile_images\/1246622095561408512\/qIToMyUT_bigger.jpg\" alt=\"\" src=\"data:image\/svg+xml;base64,PHN2ZyB3aWR0aD0iMSIgaGVpZ2h0PSIxIiB4bWxucz0iaHR0cDovL3d3dy53My5vcmcvMjAwMC9zdmciPjwvc3ZnPg==\" class=\"lazyload\" \/><\/a><\/figure>\n\n\n\n<p><a href=\"https:\/\/twitter.com\/helderbarbalho\"><strong>Helder Barbalho<\/strong><strong>&#x2714;<\/strong>@helderbarbalho<\/a><a href=\"https:\/\/twitter.com\/helderbarbalho\/status\/1250172751911976973\"><\/a><\/p>\n\n\n\n<p>Mantendo a transpar\u00eancia com voc\u00eas, venho informar que meu exame deu positivo para covid-19.<a href=\"https:\/\/twitter.com\/helderbarbalho\/status\/1250172751911976973\"><\/a><a href=\"https:\/\/twitter.com\/intent\/like?tweet_id=1250172751911976973\">10.3K<\/a><a href=\"https:\/\/twitter.com\/helderbarbalho\/status\/1250172751911976973\">6:23 PM &#8211; Apr 14, 2020<\/a><a href=\"https:\/\/support.twitter.com\/articles\/20175256\">Twitter Ads info and privacy<\/a><a href=\"https:\/\/twitter.com\/helderbarbalho\/status\/1250172751911976973\">3,859 people are talking about this<\/a><\/p>\n\n\n\n<h2 class=\"wp-block-heading\">Rio de Janeiro<\/h2>\n\n\n\n<p>Na tarde de hoje, o&nbsp;governador do Rio de Janeiro, Wilson Witzel,&nbsp;<a href=\"https:\/\/agenciabrasil.ebc.com.br\/politica\/noticia\/2020-04\/governador-do-rio-anuncia-que-esta-com-covid-19\" target=\"_blank\" rel=\"noreferrer noopener\">tamb\u00e9m anunciou que testou<\/a>&nbsp;positivo para o coronav\u00edrus. A informa\u00e7\u00e3o foi divulgada na rede social do governador &nbsp;Em um v\u00eddeo postado no Twitter, Witzel explica que come\u00e7ou a sentir os sintomas na \u00faltima sexta-feira e decidiu fazer o teste.<\/p>\n\n\n\n<p>\u201cQuero comunicar a todos que desde sexta-feira n\u00e3o venho me sentindo bem e pedi para que fosse feito o teste para o covid. Hoje veio o resultado positivo. Tive febre, dor de garganta, perda de olfato. Gra\u00e7as a Deus estou me sentindo bem e continuarei trabalhando aqui do Pal\u00e1cio Laranjeiras, mantendo as restri\u00e7\u00f5es e as recomenda\u00e7\u00f5es m\u00e9dicas. Tenho certeza de que vou superar mais esta dificuldade\u201d, disse Witzel.<\/p>\n\n\n\n<p>Ao final da grava\u00e7\u00e3o, o governador ainda fez um apelo para a popula\u00e7\u00e3o do Rio de Janeiro continuar em isolamento: \u201cPode contar comigo, todo o povo fluminense. Vou continuar trabalhando. E eu pe\u00e7o, mais uma vez, para que fiquem em casa. Porque a doen\u00e7a n\u00e3o escolhe ningu\u00e9m e o cont\u00e1gio \u00e9 r\u00e1pido\u201d.<\/p>\n","protected":false},"excerpt":{"rendered":"<p>O governador do Par\u00e1, Helder Barbalho, informou nesta ter\u00e7a-feira (14) por meio das suas redes sociais que est\u00e1 com covid-19. Segundo o governador, parte da&hellip; <\/p>\n","protected":false},"author":2,"featured_media":164050,"comment_status":"closed","ping_status":"closed","sticky":false,"template":"","format":"standard","meta":{"sfsi_plus_gutenberg_text_before_share":"","sfsi_plus_gutenberg_show_text_before_share":"","sfsi_plus_gutenberg_icon_type":"","sfsi_plus_gutenberg_icon_alignemt":"","sfsi_plus_gutenburg_max_per_row":"","footnotes":""},"categories":[2],"tags":[],"class_list":["post-164049","post","type-post","status-publish","format-standard","has-post-thumbnail","hentry","category-geral"],"_links":{"self":[{"href":"https:\/\/www.caririemacao.com\/1\/wp-json\/wp\/v2\/posts\/164049","targetHints":{"allow":["GET"]}}],"collection":[{"href":"https:\/\/www.caririemacao.com\/1\/wp-json\/wp\/v2\/posts"}],"about":[{"href":"https:\/\/www.caririemacao.com\/1\/wp-json\/wp\/v2\/types\/post"}],"author":[{"embeddable":true,"href":"https:\/\/www.caririemacao.com\/1\/wp-json\/wp\/v2\/users\/2"}],"replies":[{"embeddable":true,"href":"https:\/\/www.caririemacao.com\/1\/wp-json\/wp\/v2\/comments?post=164049"}],"version-history":[{"count":1,"href":"https:\/\/www.caririemacao.com\/1\/wp-json\/wp\/v2\/posts\/164049\/revisions"}],"predecessor-version":[{"id":164051,"href":"https:\/\/www.caririemacao.com\/1\/wp-json\/wp\/v2\/posts\/164049\/revisions\/164051"}],"wp:featuredmedia":[{"embeddable":true,"href":"https:\/\/www.caririemacao.com\/1\/wp-json\/wp\/v2\/media\/164050"}],"wp:attachment":[{"href":"https:\/\/www.caririemacao.com\/1\/wp-json\/wp\/v2\/media?parent=164049"}],"wp:term":[{"taxonomy":"category","embeddable":true,"href":"https:\/\/www.caririemacao.com\/1\/wp-json\/wp\/v2\/categories?post=164049"},{"taxonomy":"post_tag","embeddable":true,"href":"https:\/\/www.caririemacao.com\/1\/wp-json\/wp\/v2\/tags?post=164049"}],"curies":[{"name":"wp","href":"https:\/\/api.w.org\/{rel}","templated":true}]}}