{"id":164054,"date":"2020-04-15T08:05:53","date_gmt":"2020-04-15T11:05:53","guid":{"rendered":"http:\/\/www.caririemacao.com\/1\/?p=164054"},"modified":"2020-04-15T08:05:55","modified_gmt":"2020-04-15T11:05:55","slug":"serra-branca-ex-vereador-paulo-sergio-barros-deixa-direcao-do-hospital","status":"publish","type":"post","link":"https:\/\/www.caririemacao.com\/1\/2020\/04\/15\/serra-branca-ex-vereador-paulo-sergio-barros-deixa-direcao-do-hospital\/","title":{"rendered":"Serra Branca: Ex-vereador Paulo S\u00e9rgio Barros deixa dire\u00e7\u00e3o do Hospital"},"content":{"rendered":"\n<p>Ap\u00f3s aproximadamente um ano e quatro meses \u00e0 frente da dire\u00e7\u00e3o do Hospital Geral de Serra Branca, o diretor e ex-vereador Paulo S\u00e9rgio Barros anunciou nesta ter\u00e7a-feira (14) o seu afastamento da dire\u00e7\u00e3o da unidade hospitalar.<\/p>\n\n\n\n<p>A convite do prefeito Vicente Fialho e da Secret\u00e1ria de Sa\u00fade M\u00e1rcia Dantas, Paulo S\u00e9rgio estava desempenhando um bom trabalho no comando da unidade, tendo recebido elogios e realizado melhorias no atendimento e na aquisi\u00e7\u00e3o de novos equipamentos para o hospital.<\/p>\n\n\n\n<p>Segundo informa\u00e7\u00f5es colhidas pelo portal De Olho no Cariri, a sa\u00edda de Paulo S\u00e9rgio do cargo se deu ao prazo estabelecido pelo TSE, para as pessoas que pretendem concorrer a uma vaga nas elei\u00e7\u00f5es deste ano.<\/p>\n\n\n\n<p>Em contato com o portal, o ex-diretor disse que concorrer\u00e1 novamente a uma vaga ao Legislativo de Serra Branca. Perguntado se poderia ter a chance de ser o vice na chapa majorit\u00e1ria juntamente com o prefeito Souzinha, Paulo S\u00e9rgio afirmou que n\u00e3o h\u00e1 nenhuma chance e tentar\u00e1 buscar uma vaga na Casa \u2018Leidson da Silva\u2019.<\/p>\n\n\n\n<p>O prefeito Vicente Fialho (Souzinha) j\u00e1 nomeou como novo diretor o serra-branquense Sebasti\u00e3o M\u00e1rtir, propriet\u00e1rio de uma loja no mercado p\u00fablico da cidade. Sebasti\u00e3o M\u00e1rtir j\u00e1 tomou posse nesta ter\u00e7a (14) e disse que pretende dar continuidade ao trabalho que j\u00e1 vinha sendo desenvolvido.<\/p>\n\n\n\n<p><strong>De Olho no Cariri<\/strong><\/p>\n\n\n\n<p>POR:\u00a0\u00a0<a href=\"http:\/\/deolhonocariri.com.br\/author\/klebson\">KLEBSON WANDERLEY<\/a>\u00a0<\/p>\n","protected":false},"excerpt":{"rendered":"<p>Ap\u00f3s aproximadamente um ano e quatro meses \u00e0 frente da dire\u00e7\u00e3o do Hospital Geral de Serra Branca, o diretor e ex-vereador Paulo S\u00e9rgio Barros anunciou&hellip; <\/p>\n","protected":false},"author":1,"featured_media":164059,"comment_status":"closed","ping_status":"closed","sticky":false,"template":"","format":"standard","meta":{"sfsi_plus_gutenberg_text_before_share":"","sfsi_plus_gutenberg_show_text_before_share":"","sfsi_plus_gutenberg_icon_type":"","sfsi_plus_gutenberg_icon_alignemt":"","sfsi_plus_gutenburg_max_per_row":"","footnotes":""},"categories":[6,50],"tags":[],"class_list":["post-164054","post","type-post","status-publish","format-standard","has-post-thumbnail","hentry","category-cidades","category-destaque"],"_links":{"self":[{"href":"https:\/\/www.caririemacao.com\/1\/wp-json\/wp\/v2\/posts\/164054","targetHints":{"allow":["GET"]}}],"collection":[{"href":"https:\/\/www.caririemacao.com\/1\/wp-json\/wp\/v2\/posts"}],"about":[{"href":"https:\/\/www.caririemacao.com\/1\/wp-json\/wp\/v2\/types\/post"}],"author":[{"embeddable":true,"href":"https:\/\/www.caririemacao.com\/1\/wp-json\/wp\/v2\/users\/1"}],"replies":[{"embeddable":true,"href":"https:\/\/www.caririemacao.com\/1\/wp-json\/wp\/v2\/comments?post=164054"}],"version-history":[{"count":1,"href":"https:\/\/www.caririemacao.com\/1\/wp-json\/wp\/v2\/posts\/164054\/revisions"}],"predecessor-version":[{"id":164060,"href":"https:\/\/www.caririemacao.com\/1\/wp-json\/wp\/v2\/posts\/164054\/revisions\/164060"}],"wp:featuredmedia":[{"embeddable":true,"href":"https:\/\/www.caririemacao.com\/1\/wp-json\/wp\/v2\/media\/164059"}],"wp:attachment":[{"href":"https:\/\/www.caririemacao.com\/1\/wp-json\/wp\/v2\/media?parent=164054"}],"wp:term":[{"taxonomy":"category","embeddable":true,"href":"https:\/\/www.caririemacao.com\/1\/wp-json\/wp\/v2\/categories?post=164054"},{"taxonomy":"post_tag","embeddable":true,"href":"https:\/\/www.caririemacao.com\/1\/wp-json\/wp\/v2\/tags?post=164054"}],"curies":[{"name":"wp","href":"https:\/\/api.w.org\/{rel}","templated":true}]}}