{"id":164058,"date":"2020-04-15T08:14:31","date_gmt":"2020-04-15T11:14:31","guid":{"rendered":"http:\/\/www.caririemacao.com\/1\/?p=164058"},"modified":"2020-04-15T08:14:32","modified_gmt":"2020-04-15T11:14:32","slug":"receita-recebe-84-mil-pedidos-de-inscricao-ou-de-regularizacao-do-cpf","status":"publish","type":"post","link":"https:\/\/www.caririemacao.com\/1\/2020\/04\/15\/receita-recebe-84-mil-pedidos-de-inscricao-ou-de-regularizacao-do-cpf\/","title":{"rendered":"Receita recebe 84 mil pedidos de inscri\u00e7\u00e3o ou de regulariza\u00e7\u00e3o do CPF"},"content":{"rendered":"\n<p>Depois de&nbsp;<a href=\"https:\/\/agenciabrasil.ebc.com.br\/economia\/noticia\/2020-04\/receita-explica-como-pedir-regularizacao-de-cpf-por-e-mail\" target=\"_blank\" rel=\"noreferrer noopener\">regularizar a situa\u00e7\u00e3o<\/a>&nbsp;de cerca de 90 mil Cadastro de Pessoas F\u00edsicas (CPF) no fim de semana, a Receita Federal recebeu, desde ontem (13), cerca de 84 mil novos pedidos de inscri\u00e7\u00e3o e de regulariza\u00e7\u00e3o do cadastro. Segundo balan\u00e7o divulgado pelo \u00f3rg\u00e3o, 24 mil contribuintes fizerem o pedido ontem e 60 mil hoje (14).<\/p>\n\n\n\n<p>A regulariza\u00e7\u00e3o do CPF \u00e9 necess\u00e1ria para o pagamento do aux\u00edlio emergencial de R$ 600 pela Caixa Econ\u00f4mica Federal durante a pandemia do novo&nbsp;coronav\u00edrus. Para evitar aglomera\u00e7\u00f5es e deslocamentos \u00e0s unidades do \u00f3rg\u00e3o, a Receita est\u00e1 recebendo pedidos de inscri\u00e7\u00e3o e de regulariza\u00e7\u00e3o por canais eletr\u00f4nicos.<\/p>\n\n\n\n<p>Segundo a Receita, cerca de 11 milh\u00f5es de CPF com pend\u00eancias relacionadas \u00e0 Justi\u00e7a Eleitoral ser\u00e3o liberados pela Caixa Econ\u00f4mica Federal amanh\u00e3 (15) para receberem o aux\u00edlio emergencial. Depois de contato com a institui\u00e7\u00e3o financeira, a Receita foi informada de que os sistemas do banco estar\u00e3o atualizados nesta quarta-feira.<\/p>\n\n\n\n<p>Os pedidos de inscri\u00e7\u00e3o e de regulariza\u00e7\u00e3o do CPF podem ser feitos no&nbsp;<a href=\"http:\/\/receita.economia.gov.br\/orientacao\/tributaria\/cadastros\/cadastro-de-pessoas-fisicas-cpf\" target=\"_blank\" rel=\"noreferrer noopener\">site da Receita Federal<\/a>. O contribuinte pode alterar dados no formul\u00e1rio \u201c<a href=\"http:\/\/receita.economia.gov.br\/orientacao\/tributaria\/cadastros\/cadastro-de-pessoas-fisicas-cpf\" target=\"_blank\" rel=\"noreferrer noopener\">Altera\u00e7\u00e3o de Dados Cadastrais no CPF<\/a>\u201d&nbsp;entrar no&nbsp;<a href=\"http:\/\/receita.economia.gov.br\/contato\/chat\" target=\"_blank\" rel=\"noreferrer noopener\">chat da Receita<\/a>, onde conversar\u00e1 com um atendente.<\/p>\n\n\n\n<p>Caso n\u00e3o seja poss\u00edvel fazer o processo pelo site, o contribuinte pode enviar um e-mail a uma unidade da regi\u00e3o fiscal onde mora. A lista est\u00e1 dispon\u00edvel na&nbsp;<a href=\"http:\/\/receita.economia.gov.br\/orientacao\/tributaria\/cadastros\/cadastro-de-pessoas-fisicas-cpf\/servicos\/regularizacao-cpf\" target=\"_blank\" rel=\"noreferrer noopener\">p\u00e1gina da Receita na internet<\/a>. Segundo o \u00f3rg\u00e3o, os e-mais ser\u00e3o respondidos em at\u00e9 48 horas.<\/p>\n\n\n\n<p>Jurisdi\u00e7\u00e3o por estado e respectivos e-mails corporativos:<\/p>\n\n\n\n<p>1\u00aa Regi\u00e3o Fiscal (DF, GO, MT, MS e TO) &#8211; atendimentorfb.01@rfb.gov.br<\/p>\n\n\n\n<p>2\u00aa Regi\u00e3o Fiscal (AC, AM, AP, PA, RO e RR) &#8211; atendimentorfb.02@rfb.gov.br<\/p>\n\n\n\n<p>3\u00aa Regi\u00e3o Fiscal (CE, MA e PI) &#8211; atendimentorfb.03@rfb.gov.br<\/p>\n\n\n\n<p>4\u00aa Regi\u00e3o Fiscal (AL, PB, PE e RN) &#8211; atendimentorfb.04@rfb.gov.br<\/p>\n\n\n\n<p>5\u00aa Regi\u00e3o Fiscal (BA e SE) &#8211; atendimentorfb.05@rfb.gov.br<\/p>\n\n\n\n<p>6\u00aa Regi\u00e3o Fiscal (MG) &#8211; atendimentorfb.06@rfb.gov.br<\/p>\n\n\n\n<p>7\u00aa Regi\u00e3o Fiscal (ES e RJ) &#8211; atendimentorfb.07@rfb.gov.br<\/p>\n\n\n\n<p>8\u00aa Regi\u00e3o Fiscal (SP) &#8211; atendimentorfb.08@rfb.gov.br<\/p>\n\n\n\n<p>9\u00aa Regi\u00e3o Fiscal (PR e SC) &#8211; atendimentorfb.09@rfb.gov.br<\/p>\n\n\n\n<p>10\u00aa Regi\u00e3o Fiscal (RS) &#8211; atendimentorfb.10@rfb.gov.br<\/p>\n","protected":false},"excerpt":{"rendered":"<p>Depois de&nbsp;regularizar a situa\u00e7\u00e3o&nbsp;de cerca de 90 mil Cadastro de Pessoas F\u00edsicas (CPF) no fim de semana, a Receita Federal recebeu, desde ontem (13), cerca&hellip; <\/p>\n","protected":false},"author":2,"featured_media":164063,"comment_status":"closed","ping_status":"closed","sticky":false,"template":"","format":"standard","meta":{"sfsi_plus_gutenberg_text_before_share":"","sfsi_plus_gutenberg_show_text_before_share":"","sfsi_plus_gutenberg_icon_type":"","sfsi_plus_gutenberg_icon_alignemt":"","sfsi_plus_gutenburg_max_per_row":"","footnotes":""},"categories":[2],"tags":[],"class_list":["post-164058","post","type-post","status-publish","format-standard","has-post-thumbnail","hentry","category-geral"],"_links":{"self":[{"href":"https:\/\/www.caririemacao.com\/1\/wp-json\/wp\/v2\/posts\/164058","targetHints":{"allow":["GET"]}}],"collection":[{"href":"https:\/\/www.caririemacao.com\/1\/wp-json\/wp\/v2\/posts"}],"about":[{"href":"https:\/\/www.caririemacao.com\/1\/wp-json\/wp\/v2\/types\/post"}],"author":[{"embeddable":true,"href":"https:\/\/www.caririemacao.com\/1\/wp-json\/wp\/v2\/users\/2"}],"replies":[{"embeddable":true,"href":"https:\/\/www.caririemacao.com\/1\/wp-json\/wp\/v2\/comments?post=164058"}],"version-history":[{"count":1,"href":"https:\/\/www.caririemacao.com\/1\/wp-json\/wp\/v2\/posts\/164058\/revisions"}],"predecessor-version":[{"id":164064,"href":"https:\/\/www.caririemacao.com\/1\/wp-json\/wp\/v2\/posts\/164058\/revisions\/164064"}],"wp:featuredmedia":[{"embeddable":true,"href":"https:\/\/www.caririemacao.com\/1\/wp-json\/wp\/v2\/media\/164063"}],"wp:attachment":[{"href":"https:\/\/www.caririemacao.com\/1\/wp-json\/wp\/v2\/media?parent=164058"}],"wp:term":[{"taxonomy":"category","embeddable":true,"href":"https:\/\/www.caririemacao.com\/1\/wp-json\/wp\/v2\/categories?post=164058"},{"taxonomy":"post_tag","embeddable":true,"href":"https:\/\/www.caririemacao.com\/1\/wp-json\/wp\/v2\/tags?post=164058"}],"curies":[{"name":"wp","href":"https:\/\/api.w.org\/{rel}","templated":true}]}}