{"id":164071,"date":"2020-04-15T08:21:28","date_gmt":"2020-04-15T11:21:28","guid":{"rendered":"http:\/\/www.caririemacao.com\/1\/?p=164071"},"modified":"2020-04-15T08:23:50","modified_gmt":"2020-04-15T11:23:50","slug":"agu-recorre-ao-supremo-para-que-isolamento-obedeca-regras-federais","status":"publish","type":"post","link":"https:\/\/www.caririemacao.com\/1\/2020\/04\/15\/agu-recorre-ao-supremo-para-que-isolamento-obedeca-regras-federais\/","title":{"rendered":"AGU recorre ao Supremo para que isolamento obede\u00e7a regras federais"},"content":{"rendered":"\n<p>A Advocacia-Geral da Uni\u00e3o (AGU) recorreu ontem (13) ao Supremo Tribunal Federal (STF) da decis\u00e3o do ministro do STF Alexandre de Moraes que autorizou estados e munic\u00edpios a tomarem as medidas que acharem necess\u00e1rias para combater o novo coronav\u00edrus mesmo sem o aval de legisla\u00e7\u00e3o federal.<\/p>\n\n\n\n<p>No recurso, o advogado-geral da Uni\u00e3o, Andr\u00e9 Mendon\u00e7a, sustenta que h\u00e1 contradi\u00e7\u00f5es na decis\u00e3o e defende que os estados e munic\u00edpios n\u00e3o podem deixar de observar as diretrizes gerais editadas pelo governo federal.&nbsp;<\/p>\n\n\n\n<p>\u201c[ A decis\u00e3o] ao mesmo tempo em que preserva a compet\u00eancia da Uni\u00e3o para editar normas gerais, afirma que a compet\u00eancia dos estados, Distrito Federal e Munic\u00edpios n\u00e3o deve respeito a ato federal atual ou superveniente em sentido contr\u00e1rio\u201d, argumenta Mendon\u00e7a.&nbsp;<\/p>\n\n\n\n<p>Na semana passada, ao julgar uma a\u00e7\u00e3o protocolada pela Ordem dos Advogados do Brasil (OAB), Alexandre de Moraes entendeu que os governadores e prefeitos tamb\u00e9m podem tomar medidas contra o covid-19.&nbsp;<\/p>\n\n\n\n<p>&#8220;N\u00e3o compete ao Poder Executivo federal afastar, unilateralmente, as decis\u00f5es dos governos estaduais, distrital e municipais que, no exerc\u00edcio de suas compet\u00eancias constitucionais, adotaram ou venham a adotar, no \u00e2mbito de seus respectivos territ\u00f3rios, importantes medidas restritivas como a imposi\u00e7\u00e3o de distanciamento\/isolamento social, quarentena, suspens\u00e3o de atividades de ensino, restri\u00e7\u00f5es de com\u00e9rcio, atividades culturais e \u00e0 circula\u00e7\u00e3o de pessoas, entre outros mecanismos reconhecidamente eficazes para a redu\u00e7\u00e3o do n\u00famero de infectados e de \u00f3bitos&#8221;, afirmou Moraes.&nbsp;<\/p>\n","protected":false},"excerpt":{"rendered":"<p>A Advocacia-Geral da Uni\u00e3o (AGU) recorreu ontem (13) ao Supremo Tribunal Federal (STF) da decis\u00e3o do ministro do STF Alexandre de Moraes que autorizou estados&hellip; <\/p>\n","protected":false},"author":2,"featured_media":163126,"comment_status":"closed","ping_status":"closed","sticky":false,"template":"","format":"standard","meta":{"sfsi_plus_gutenberg_text_before_share":"","sfsi_plus_gutenberg_show_text_before_share":"","sfsi_plus_gutenberg_icon_type":"","sfsi_plus_gutenberg_icon_alignemt":"","sfsi_plus_gutenburg_max_per_row":"","footnotes":""},"categories":[2],"tags":[],"class_list":["post-164071","post","type-post","status-publish","format-standard","has-post-thumbnail","hentry","category-geral"],"_links":{"self":[{"href":"https:\/\/www.caririemacao.com\/1\/wp-json\/wp\/v2\/posts\/164071","targetHints":{"allow":["GET"]}}],"collection":[{"href":"https:\/\/www.caririemacao.com\/1\/wp-json\/wp\/v2\/posts"}],"about":[{"href":"https:\/\/www.caririemacao.com\/1\/wp-json\/wp\/v2\/types\/post"}],"author":[{"embeddable":true,"href":"https:\/\/www.caririemacao.com\/1\/wp-json\/wp\/v2\/users\/2"}],"replies":[{"embeddable":true,"href":"https:\/\/www.caririemacao.com\/1\/wp-json\/wp\/v2\/comments?post=164071"}],"version-history":[{"count":1,"href":"https:\/\/www.caririemacao.com\/1\/wp-json\/wp\/v2\/posts\/164071\/revisions"}],"predecessor-version":[{"id":164072,"href":"https:\/\/www.caririemacao.com\/1\/wp-json\/wp\/v2\/posts\/164071\/revisions\/164072"}],"wp:featuredmedia":[{"embeddable":true,"href":"https:\/\/www.caririemacao.com\/1\/wp-json\/wp\/v2\/media\/163126"}],"wp:attachment":[{"href":"https:\/\/www.caririemacao.com\/1\/wp-json\/wp\/v2\/media?parent=164071"}],"wp:term":[{"taxonomy":"category","embeddable":true,"href":"https:\/\/www.caririemacao.com\/1\/wp-json\/wp\/v2\/categories?post=164071"},{"taxonomy":"post_tag","embeddable":true,"href":"https:\/\/www.caririemacao.com\/1\/wp-json\/wp\/v2\/tags?post=164071"}],"curies":[{"name":"wp","href":"https:\/\/api.w.org\/{rel}","templated":true}]}}