{"id":164080,"date":"2020-04-15T11:39:03","date_gmt":"2020-04-15T14:39:03","guid":{"rendered":"http:\/\/www.caririemacao.com\/1\/?p=164080"},"modified":"2020-04-15T11:39:04","modified_gmt":"2020-04-15T14:39:04","slug":"monteiro-prefeita-anna-lorena-mobiliza-universidades-empresas-e-institutos-em-acoes-de-combate-a-covid-19","status":"publish","type":"post","link":"https:\/\/www.caririemacao.com\/1\/2020\/04\/15\/monteiro-prefeita-anna-lorena-mobiliza-universidades-empresas-e-institutos-em-acoes-de-combate-a-covid-19\/","title":{"rendered":"Monteiro: Prefeita Anna Lorena mobiliza Universidades, Empresas e Institutos em a\u00e7\u00f5es de combate a Covid-19"},"content":{"rendered":"\n<p>A prefeita de Monteiro, Anna Lorena, tem demonstrado seu poder de articula\u00e7\u00e3o e capacidade de gerenciamento de crises, desde o in\u00edcio da propaga\u00e7\u00e3o da pandemia mundial relativa ao Novo CoronaV\u00edrus, que j\u00e1 causou mais de 1 mil \u00f3bitos em todo o pa\u00eds, com a forma\u00e7\u00e3o de parcerias institucionais com Empresas Privadas, \u00d3rg\u00e3os Governamentais, Universidades e Institutos de Educa\u00e7\u00e3o e Pesquisa.<\/p>\n\n\n\n<p>Logo no in\u00edcio da pandemia, Anna Lorena conseguiu a doa\u00e7\u00e3o de 7 mil m\u00e1scaras cir\u00fargicas com o empres\u00e1rio Hugo Bezerra, da HS Lingeries, que foram distribu\u00eddas com todos os profissionais de sa\u00fade do munic\u00edpio e do Hospital Regional Santa Filomena.<\/p>\n\n\n\n<p>Em contato com o Diretor do Campus Monteiro do Instituto Federal da Para\u00edba (IFPB), Abra\u00e3o Rom\u00e3o Batista, Anna Lorena conseguiu a doa\u00e7\u00e3o de 100 m\u00e1scaras de prote\u00e7\u00e3o facial para os profissionais de sa\u00fade que ir\u00e3o trabalhar no tratamento de pacientes com o Covid-19. Os equipamentos do Polo de Inova\u00e7\u00e3o, que \u00e9 ligado \u00e0 Empresa Brasileira de Pesquisa e Inova\u00e7\u00e3o Industrial (Embrapii), est\u00e3o agora produzindo os componentes para a montagem das m\u00e1scaras que ser\u00e3o distribu\u00eddas gratuitamente.<\/p>\n\n\n\n<p>O Instituto Federal da Para\u00edba (IFPB), por meio de seu Polo de Inova\u00e7\u00e3o, se uniu \u00e0 rede do N\u00facleo de Tecnologias Estrat\u00e9gicas em Sa\u00fade (Nutes) da Universidade Estadual da Para\u00edba (UEPB) para produzir os EPI\u2019s. O modelo \u00e9 inspirado nos modelos da empresa Face Shield.<\/p>\n\n\n\n<p>Do(a)\u00a0Secom &#8211; PMM<\/p>\n","protected":false},"excerpt":{"rendered":"<p>A prefeita de Monteiro, Anna Lorena, tem demonstrado seu poder de articula\u00e7\u00e3o e capacidade de gerenciamento de crises, desde o in\u00edcio da propaga\u00e7\u00e3o da pandemia&hellip; <\/p>\n","protected":false},"author":1,"featured_media":164081,"comment_status":"closed","ping_status":"closed","sticky":false,"template":"","format":"standard","meta":{"sfsi_plus_gutenberg_text_before_share":"","sfsi_plus_gutenberg_show_text_before_share":"","sfsi_plus_gutenberg_icon_type":"","sfsi_plus_gutenberg_icon_alignemt":"","sfsi_plus_gutenburg_max_per_row":"","footnotes":""},"categories":[6,50],"tags":[],"class_list":["post-164080","post","type-post","status-publish","format-standard","has-post-thumbnail","hentry","category-cidades","category-destaque"],"_links":{"self":[{"href":"https:\/\/www.caririemacao.com\/1\/wp-json\/wp\/v2\/posts\/164080","targetHints":{"allow":["GET"]}}],"collection":[{"href":"https:\/\/www.caririemacao.com\/1\/wp-json\/wp\/v2\/posts"}],"about":[{"href":"https:\/\/www.caririemacao.com\/1\/wp-json\/wp\/v2\/types\/post"}],"author":[{"embeddable":true,"href":"https:\/\/www.caririemacao.com\/1\/wp-json\/wp\/v2\/users\/1"}],"replies":[{"embeddable":true,"href":"https:\/\/www.caririemacao.com\/1\/wp-json\/wp\/v2\/comments?post=164080"}],"version-history":[{"count":1,"href":"https:\/\/www.caririemacao.com\/1\/wp-json\/wp\/v2\/posts\/164080\/revisions"}],"predecessor-version":[{"id":164082,"href":"https:\/\/www.caririemacao.com\/1\/wp-json\/wp\/v2\/posts\/164080\/revisions\/164082"}],"wp:featuredmedia":[{"embeddable":true,"href":"https:\/\/www.caririemacao.com\/1\/wp-json\/wp\/v2\/media\/164081"}],"wp:attachment":[{"href":"https:\/\/www.caririemacao.com\/1\/wp-json\/wp\/v2\/media?parent=164080"}],"wp:term":[{"taxonomy":"category","embeddable":true,"href":"https:\/\/www.caririemacao.com\/1\/wp-json\/wp\/v2\/categories?post=164080"},{"taxonomy":"post_tag","embeddable":true,"href":"https:\/\/www.caririemacao.com\/1\/wp-json\/wp\/v2\/tags?post=164080"}],"curies":[{"name":"wp","href":"https:\/\/api.w.org\/{rel}","templated":true}]}}