{"id":164083,"date":"2020-04-15T11:43:03","date_gmt":"2020-04-15T14:43:03","guid":{"rendered":"http:\/\/www.caririemacao.com\/1\/?p=164083"},"modified":"2020-04-15T11:43:05","modified_gmt":"2020-04-15T14:43:05","slug":"monteiro-alunos-seguem-com-aulas-e-atividades-atraves-das-redes-sociais","status":"publish","type":"post","link":"https:\/\/www.caririemacao.com\/1\/2020\/04\/15\/monteiro-alunos-seguem-com-aulas-e-atividades-atraves-das-redes-sociais\/","title":{"rendered":"Monteiro: alunos seguem com aulas e atividades atrav\u00e9s das redes sociais"},"content":{"rendered":"\n<p>Com o objetivo de manter o cronograma regular das aulas do ensino fundamental e o cumprimento do conte\u00fado program\u00e1tico estabelecido pelo Minist\u00e9rio da Educa\u00e7\u00e3o, a Prefeita Anna Lorena sugeriu, e os professores do munic\u00edpio est\u00e3o fazendo uso das redes sociais, para passar o conte\u00fado das mat\u00e9rias e acompanhar a progress\u00e3o dos alunos.<\/p>\n\n\n\n<p>Para cada turma de todas as escolas do munic\u00edpio, foi criado um grupo no Whatsapp, onde os professores encaminham o material de estudo no formato Word ou PDF e os exerc\u00edcios para serem resolvidos. Seguindo o mesmo plano de aulas semanal, os alunos do 8\u00b0 ano, por exemplo, tem como cronograma na Segunda &#8211; L\u00edngua Portuguesa, Arte e Geografia; Ter\u00e7a \u2013 Matem\u00e1tica, Ingl\u00eas e Hist\u00f3ria; Quarta &#8211; L\u00edngua Portuguesa, Geografia, Educa\u00e7\u00e3o F\u00edsica e Ci\u00eancias; Quinta \u2013 Ci\u00eancias e Ensino Religioso; Sexta \u2013 Matem\u00e1tica e Hist\u00f3ria.<\/p>\n\n\n\n<p>Anna Lorena, disse que a experi\u00eancia tem sido muito elogiada pelos pais dos alunos. \u201cA nossa preocupa\u00e7\u00e3o era manter o calend\u00e1rio das aulas, sem prejudicar o ano letivo dos alunos. Com o uso da ferramenta das redes sociais, o resultado \u00e9 a aproxima\u00e7\u00e3o e o envolvimento maior dos pais dos alunos no processo de aprendizagem e o acompanhamento da evolu\u00e7\u00e3o dos seus filhos. Nessas semanas iniciais de implanta\u00e7\u00e3o do projeto, n\u00f3s j\u00e1 recebemos muitos elogios dos pais, porque essa conviv\u00eancia entre pais e filhos, aproximou muito mais as fam\u00edlias e por outro lado est\u00e1 sendo poss\u00edvel criar uma responsabilidade maior dos pais em rela\u00e7\u00e3o \u00e0 educa\u00e7\u00e3o das crian\u00e7as\u201d. Concluiu.<\/p>\n\n\n\n<p>Do(a)\u00a0Secom &#8211; PMM<\/p>\n","protected":false},"excerpt":{"rendered":"<p>Com o objetivo de manter o cronograma regular das aulas do ensino fundamental e o cumprimento do conte\u00fado program\u00e1tico estabelecido pelo Minist\u00e9rio da Educa\u00e7\u00e3o, a&hellip; <\/p>\n","protected":false},"author":1,"featured_media":164084,"comment_status":"closed","ping_status":"closed","sticky":false,"template":"","format":"standard","meta":{"sfsi_plus_gutenberg_text_before_share":"","sfsi_plus_gutenberg_show_text_before_share":"","sfsi_plus_gutenberg_icon_type":"","sfsi_plus_gutenberg_icon_alignemt":"","sfsi_plus_gutenburg_max_per_row":"","footnotes":""},"categories":[6,50,14],"tags":[],"class_list":["post-164083","post","type-post","status-publish","format-standard","has-post-thumbnail","hentry","category-cidades","category-destaque","category-educacao"],"_links":{"self":[{"href":"https:\/\/www.caririemacao.com\/1\/wp-json\/wp\/v2\/posts\/164083","targetHints":{"allow":["GET"]}}],"collection":[{"href":"https:\/\/www.caririemacao.com\/1\/wp-json\/wp\/v2\/posts"}],"about":[{"href":"https:\/\/www.caririemacao.com\/1\/wp-json\/wp\/v2\/types\/post"}],"author":[{"embeddable":true,"href":"https:\/\/www.caririemacao.com\/1\/wp-json\/wp\/v2\/users\/1"}],"replies":[{"embeddable":true,"href":"https:\/\/www.caririemacao.com\/1\/wp-json\/wp\/v2\/comments?post=164083"}],"version-history":[{"count":1,"href":"https:\/\/www.caririemacao.com\/1\/wp-json\/wp\/v2\/posts\/164083\/revisions"}],"predecessor-version":[{"id":164085,"href":"https:\/\/www.caririemacao.com\/1\/wp-json\/wp\/v2\/posts\/164083\/revisions\/164085"}],"wp:featuredmedia":[{"embeddable":true,"href":"https:\/\/www.caririemacao.com\/1\/wp-json\/wp\/v2\/media\/164084"}],"wp:attachment":[{"href":"https:\/\/www.caririemacao.com\/1\/wp-json\/wp\/v2\/media?parent=164083"}],"wp:term":[{"taxonomy":"category","embeddable":true,"href":"https:\/\/www.caririemacao.com\/1\/wp-json\/wp\/v2\/categories?post=164083"},{"taxonomy":"post_tag","embeddable":true,"href":"https:\/\/www.caririemacao.com\/1\/wp-json\/wp\/v2\/tags?post=164083"}],"curies":[{"name":"wp","href":"https:\/\/api.w.org\/{rel}","templated":true}]}}