{"id":164086,"date":"2020-04-15T11:45:59","date_gmt":"2020-04-15T14:45:59","guid":{"rendered":"http:\/\/www.caririemacao.com\/1\/?p=164086"},"modified":"2020-04-15T11:46:01","modified_gmt":"2020-04-15T14:46:01","slug":"prefeitura-de-monteiro-continua-realizando-manutencao-de-estradas","status":"publish","type":"post","link":"https:\/\/www.caririemacao.com\/1\/2020\/04\/15\/prefeitura-de-monteiro-continua-realizando-manutencao-de-estradas\/","title":{"rendered":"Prefeitura de Monteiro continua realizando manuten\u00e7\u00e3o de estradas"},"content":{"rendered":"\n<p>A Prefeitura de Monteiro, atrav\u00e9s da Secretaria de Agricultura, deu continuidade nesta segunda e ter\u00e7a-feira, a manuten\u00e7\u00e3o e melhoria das estradas que foram danificadas pelas chuvas no munic\u00edpio.<\/p>\n\n\n\n<p>Nesta segunda-feira, foi realizado um \u201ctapa buraco\u201d no S\u00edtio Beira Rio, no trecho entre a BR-412 e o A\u00e7ude de Pocinhos, e tamb\u00e9m foi dado continuidade a manuten\u00e7\u00e3o das vias nos s\u00edtios Queimadas e Jabitac\u00e1.<\/p>\n\n\n\n<p>Nesta ter\u00e7a, foi conclu\u00edda uma passagem de \u00e1gua com tubula\u00e7\u00e3o no S\u00edtio Gar\u00e1pa, no trecho entre a sede do munic\u00edpio e o S\u00edtio Pitombeira, que vinha causando transtornos \u00e0 popula\u00e7\u00e3o ap\u00f3s as chuvas, sendo solucionado o problema.<\/p>\n\n\n\n<p>De acordo com a Prefeita Anna Lorena, a gest\u00e3o municipal est\u00e1 seguindo o cronograma e consertando os trechos que foram danificados com as chuvas, e garantindo o tr\u00e1fego dos moradores.<\/p>\n\n\n\n<p>Do(a)\u00a0Secom &#8211; PMM<\/p>\n","protected":false},"excerpt":{"rendered":"<p>A Prefeitura de Monteiro, atrav\u00e9s da Secretaria de Agricultura, deu continuidade nesta segunda e ter\u00e7a-feira, a manuten\u00e7\u00e3o e melhoria das estradas que foram danificadas pelas&hellip; <\/p>\n","protected":false},"author":1,"featured_media":164087,"comment_status":"closed","ping_status":"closed","sticky":false,"template":"","format":"standard","meta":{"sfsi_plus_gutenberg_text_before_share":"","sfsi_plus_gutenberg_show_text_before_share":"","sfsi_plus_gutenberg_icon_type":"","sfsi_plus_gutenberg_icon_alignemt":"","sfsi_plus_gutenburg_max_per_row":"","footnotes":""},"categories":[6,50],"tags":[],"class_list":["post-164086","post","type-post","status-publish","format-standard","has-post-thumbnail","hentry","category-cidades","category-destaque"],"_links":{"self":[{"href":"https:\/\/www.caririemacao.com\/1\/wp-json\/wp\/v2\/posts\/164086","targetHints":{"allow":["GET"]}}],"collection":[{"href":"https:\/\/www.caririemacao.com\/1\/wp-json\/wp\/v2\/posts"}],"about":[{"href":"https:\/\/www.caririemacao.com\/1\/wp-json\/wp\/v2\/types\/post"}],"author":[{"embeddable":true,"href":"https:\/\/www.caririemacao.com\/1\/wp-json\/wp\/v2\/users\/1"}],"replies":[{"embeddable":true,"href":"https:\/\/www.caririemacao.com\/1\/wp-json\/wp\/v2\/comments?post=164086"}],"version-history":[{"count":1,"href":"https:\/\/www.caririemacao.com\/1\/wp-json\/wp\/v2\/posts\/164086\/revisions"}],"predecessor-version":[{"id":164088,"href":"https:\/\/www.caririemacao.com\/1\/wp-json\/wp\/v2\/posts\/164086\/revisions\/164088"}],"wp:featuredmedia":[{"embeddable":true,"href":"https:\/\/www.caririemacao.com\/1\/wp-json\/wp\/v2\/media\/164087"}],"wp:attachment":[{"href":"https:\/\/www.caririemacao.com\/1\/wp-json\/wp\/v2\/media?parent=164086"}],"wp:term":[{"taxonomy":"category","embeddable":true,"href":"https:\/\/www.caririemacao.com\/1\/wp-json\/wp\/v2\/categories?post=164086"},{"taxonomy":"post_tag","embeddable":true,"href":"https:\/\/www.caririemacao.com\/1\/wp-json\/wp\/v2\/tags?post=164086"}],"curies":[{"name":"wp","href":"https:\/\/api.w.org\/{rel}","templated":true}]}}