{"id":164089,"date":"2020-04-15T11:53:58","date_gmt":"2020-04-15T14:53:58","guid":{"rendered":"http:\/\/www.caririemacao.com\/1\/?p=164089"},"modified":"2020-04-15T11:53:59","modified_gmt":"2020-04-15T14:53:59","slug":"artesas-paraibanas-produzem-mascaras-em-combate-a-covid-19","status":"publish","type":"post","link":"https:\/\/www.caririemacao.com\/1\/2020\/04\/15\/artesas-paraibanas-produzem-mascaras-em-combate-a-covid-19\/","title":{"rendered":"Artes\u00e3s paraibanas produzem m\u00e1scaras em combate a Covid-19"},"content":{"rendered":"\n<p>As artes\u00e3s paraibanas da Cooperativa de Produ\u00e7\u00e3o de Bens e Servi\u00e7os de S\u00e3o Jo\u00e3o do Tigre \u2013 COOPTIGRE est\u00e3o driblando a atual crise e dando exemplo de cidadania ao produzir m\u00e1scaras descart\u00e1veis e de tecido para uma empresa do Estado do Pernambuco e para a popula\u00e7\u00e3o local. A Associa\u00e7\u00e3o \u00e9 atendida pelo Governo do Estado da Para\u00edba e pelo Fundo Internacional de Desenvolvimento Agr\u00edcola (FIDA), atrav\u00e9s do Projeto de Desenvolvimento Sustent\u00e1vel do Cariri, Serid\u00f3 e Curimata\u00fa \u2013 PROCASE.\u00a0<\/p>\n\n\n\n<p>A iniciativa partiu do presidente da Associa\u00e7\u00e3o, Chico Dantas e da vice-presidente Gislainy Samara, ap\u00f3s a recomenda\u00e7\u00e3o do Minist\u00e9rio da Sa\u00fade sobre o uso de m\u00e1scaras pela popula\u00e7\u00e3o em geral. Segundo Gislainy, o contato foi feito com uma empresa de Santa Cruz do Capibaribe, para a qual as costureiras da Associa\u00e7\u00e3o j\u00e1 produziam roupas e que agora estava procurando m\u00e3o-de-obra para a confec\u00e7\u00e3o de m\u00e1scaras que ser\u00e3o doadas pelo Governo do Pernambuco. \u201cQuando eu vi que as m\u00e1scaras estavam em falta no mercado, conversei com nosso Presidente, Chico Dantas e vimos ali uma solu\u00e7\u00e3o para algumas das nossas costureiras e para o nosso maquin\u00e1rio, que estava parado. Al\u00e9m de ser uma renda extra, ainda ajudamos no combate ao Covid-19\u201d, afirmou.<\/p>\n\n\n\n<p>S\u00f3 na primeira remessa, foram confeccionadas mais de 1.500 m\u00e1scaras em tnt, fora as encomendas locais, feitas em tecido. As costureiras trabalham fazendo o uso de m\u00e1scaras e luvas e o ambiente \u00e9 higienizado frequentemente. E n\u00e3o falta tamb\u00e9m a criatividade na produ\u00e7\u00e3o, nos tecidos coloridos utilizados nas m\u00e1scaras de pano.\u00a0\u00a0<\/p>\n\n\n\n<p>A cooperativa \u00e9 atendida pelo PROCASE desde 2014, tendo como atividade principal o artesanato, onde foram investidos recursos para a reforma da sede, compra de maquin\u00e1rios e insumos para a produ\u00e7\u00e3o. Agora, em tempos de pandemia, \u00e9 mais que not\u00f3ria a import\u00e2ncia de incentivar os grupos produtivos de mulheres para que elas sejam proponentes nos processos de comercializa\u00e7\u00e3o de suas produ\u00e7\u00f5es.<\/p>\n\n\n\n<p>O PROCASE \u00e9 fruto da parceria entre o Governo do Estado da Para\u00edba e o Fundo Internacional de Desenvolvimento Agr\u00edcola (FIDA), organismo das Na\u00e7\u00f5es Unidas (ONU), beneficiando 56 munic\u00edpios do semi\u00e1rido paraibano, e visa fortalecer a agricultura familiar e contribuir para o desenvolvimento rural sustent\u00e1vel, reduzindo os n\u00edveis de pobreza rural e fortalecendo a\u00e7\u00f5es de preven\u00e7\u00e3o e mitiga\u00e7\u00e3o da desertifica\u00e7\u00e3o.<\/p>\n\n\n\n<p><a href=\"https:\/\/www.procase.pb.gov.br\/blog\/author\/ASCOM---Procase\">Procase<\/a>1\/5<\/p>\n","protected":false},"excerpt":{"rendered":"<p>As artes\u00e3s paraibanas da Cooperativa de Produ\u00e7\u00e3o de Bens e Servi\u00e7os de S\u00e3o Jo\u00e3o do Tigre \u2013 COOPTIGRE est\u00e3o driblando a atual crise e dando&hellip; <\/p>\n","protected":false},"author":1,"featured_media":163481,"comment_status":"closed","ping_status":"closed","sticky":false,"template":"","format":"standard","meta":{"sfsi_plus_gutenberg_text_before_share":"","sfsi_plus_gutenberg_show_text_before_share":"","sfsi_plus_gutenberg_icon_type":"","sfsi_plus_gutenberg_icon_alignemt":"","sfsi_plus_gutenburg_max_per_row":"","footnotes":""},"categories":[50,16],"tags":[],"class_list":["post-164089","post","type-post","status-publish","format-standard","has-post-thumbnail","hentry","category-destaque","category-saude"],"_links":{"self":[{"href":"https:\/\/www.caririemacao.com\/1\/wp-json\/wp\/v2\/posts\/164089","targetHints":{"allow":["GET"]}}],"collection":[{"href":"https:\/\/www.caririemacao.com\/1\/wp-json\/wp\/v2\/posts"}],"about":[{"href":"https:\/\/www.caririemacao.com\/1\/wp-json\/wp\/v2\/types\/post"}],"author":[{"embeddable":true,"href":"https:\/\/www.caririemacao.com\/1\/wp-json\/wp\/v2\/users\/1"}],"replies":[{"embeddable":true,"href":"https:\/\/www.caririemacao.com\/1\/wp-json\/wp\/v2\/comments?post=164089"}],"version-history":[{"count":1,"href":"https:\/\/www.caririemacao.com\/1\/wp-json\/wp\/v2\/posts\/164089\/revisions"}],"predecessor-version":[{"id":164090,"href":"https:\/\/www.caririemacao.com\/1\/wp-json\/wp\/v2\/posts\/164089\/revisions\/164090"}],"wp:featuredmedia":[{"embeddable":true,"href":"https:\/\/www.caririemacao.com\/1\/wp-json\/wp\/v2\/media\/163481"}],"wp:attachment":[{"href":"https:\/\/www.caririemacao.com\/1\/wp-json\/wp\/v2\/media?parent=164089"}],"wp:term":[{"taxonomy":"category","embeddable":true,"href":"https:\/\/www.caririemacao.com\/1\/wp-json\/wp\/v2\/categories?post=164089"},{"taxonomy":"post_tag","embeddable":true,"href":"https:\/\/www.caririemacao.com\/1\/wp-json\/wp\/v2\/tags?post=164089"}],"curies":[{"name":"wp","href":"https:\/\/api.w.org\/{rel}","templated":true}]}}