{"id":164091,"date":"2020-04-15T12:18:12","date_gmt":"2020-04-15T15:18:12","guid":{"rendered":"http:\/\/www.caririemacao.com\/1\/?p=164091"},"modified":"2020-04-15T12:20:12","modified_gmt":"2020-04-15T15:20:12","slug":"camalau-secretaria-de-trabalho-e-acao-social-realiza-acao-para-tirar-duvidas-sobre-auxilio-emergencial","status":"publish","type":"post","link":"https:\/\/www.caririemacao.com\/1\/2020\/04\/15\/camalau-secretaria-de-trabalho-e-acao-social-realiza-acao-para-tirar-duvidas-sobre-auxilio-emergencial\/","title":{"rendered":"Camala\u00fa: Secretaria de Trabalho e A\u00e7\u00e3o Social realiza a\u00e7\u00e3o para cadastrar e tirar d\u00favidas sobre Aux\u00edlio Emergencial"},"content":{"rendered":"\n<p>A Secretaria de trabalho e A\u00e7\u00e3o Social da cidade de Camala\u00fa realizou nos dias 14 e 15 de abril, uma a\u00e7\u00e3o que teve como objetivo ajudar as fam\u00edlias e pessoas que est\u00e3o em buscar de orienta\u00e7\u00f5es e informa\u00e7\u00f5es sobre o Aux\u00edlio Emergencial; destinado pelo Governo Federal, durante a pandemia do novo coronav\u00edrus. <\/p>\n\n\n\n<p>A Secret\u00e1ria Iara e toda sua equipe da  Secret\u00e1ria de Trabalho e A\u00e7\u00e3o Social realizaram um mutir\u00e3o para tirar d\u00favidas e realizar a Solicita\u00e7\u00e3o do Aux\u00edlio Emergencial, atendendo as pessoas da cidade e Zona Rural. <\/p>\n","protected":false},"excerpt":{"rendered":"<p>A Secretaria de trabalho e A\u00e7\u00e3o Social da cidade de Camala\u00fa realizou nos dias 14 e 15 de abril, uma a\u00e7\u00e3o que teve como objetivo&hellip; <\/p>\n","protected":false},"author":1,"featured_media":164092,"comment_status":"closed","ping_status":"closed","sticky":false,"template":"","format":"standard","meta":{"sfsi_plus_gutenberg_text_before_share":"","sfsi_plus_gutenberg_show_text_before_share":"","sfsi_plus_gutenberg_icon_type":"","sfsi_plus_gutenberg_icon_alignemt":"","sfsi_plus_gutenburg_max_per_row":"","footnotes":""},"categories":[6,50],"tags":[],"class_list":["post-164091","post","type-post","status-publish","format-standard","has-post-thumbnail","hentry","category-cidades","category-destaque"],"_links":{"self":[{"href":"https:\/\/www.caririemacao.com\/1\/wp-json\/wp\/v2\/posts\/164091","targetHints":{"allow":["GET"]}}],"collection":[{"href":"https:\/\/www.caririemacao.com\/1\/wp-json\/wp\/v2\/posts"}],"about":[{"href":"https:\/\/www.caririemacao.com\/1\/wp-json\/wp\/v2\/types\/post"}],"author":[{"embeddable":true,"href":"https:\/\/www.caririemacao.com\/1\/wp-json\/wp\/v2\/users\/1"}],"replies":[{"embeddable":true,"href":"https:\/\/www.caririemacao.com\/1\/wp-json\/wp\/v2\/comments?post=164091"}],"version-history":[{"count":2,"href":"https:\/\/www.caririemacao.com\/1\/wp-json\/wp\/v2\/posts\/164091\/revisions"}],"predecessor-version":[{"id":164097,"href":"https:\/\/www.caririemacao.com\/1\/wp-json\/wp\/v2\/posts\/164091\/revisions\/164097"}],"wp:featuredmedia":[{"embeddable":true,"href":"https:\/\/www.caririemacao.com\/1\/wp-json\/wp\/v2\/media\/164092"}],"wp:attachment":[{"href":"https:\/\/www.caririemacao.com\/1\/wp-json\/wp\/v2\/media?parent=164091"}],"wp:term":[{"taxonomy":"category","embeddable":true,"href":"https:\/\/www.caririemacao.com\/1\/wp-json\/wp\/v2\/categories?post=164091"},{"taxonomy":"post_tag","embeddable":true,"href":"https:\/\/www.caririemacao.com\/1\/wp-json\/wp\/v2\/tags?post=164091"}],"curies":[{"name":"wp","href":"https:\/\/api.w.org\/{rel}","templated":true}]}}