{"id":164096,"date":"2020-04-15T13:40:52","date_gmt":"2020-04-15T16:40:52","guid":{"rendered":"http:\/\/www.caririemacao.com\/1\/?p=164096"},"modified":"2020-04-16T08:54:12","modified_gmt":"2020-04-16T11:54:12","slug":"secretaria-de-agricultura-de-camalau-realiza-abertura-de-desvios-e-consertos-de-estradas","status":"publish","type":"post","link":"https:\/\/www.caririemacao.com\/1\/2020\/04\/15\/secretaria-de-agricultura-de-camalau-realiza-abertura-de-desvios-e-consertos-de-estradas\/","title":{"rendered":"Secretaria de Agricultura de Camala\u00fa realiza abertura de desvios e consertos de estradas"},"content":{"rendered":"\n<p>A Secretaria de Agricultura de Camala\u00fa realizou esta semana, reparos em estradas e abertura de desvios nos s\u00edtios: Papagaio, Casc\u00e1vel, Sitio do Meio e adjac\u00eancias. Em decorr\u00eancia do grande volume das \u00e1guas chuvas dos \u00faltimos dias. <\/p>\n\n\n\n<p>De acordo com moradores, as \u00e1guas das chuvas n\u00e3o davam passagem para motos e carros, ocasionando transtornos para a popula\u00e7\u00e3o ribeirinha. <\/p>\n\n\n\n<p>O objeto da a\u00e7\u00e3o feita pela Secretaria de Agricultura \u00e9 melhorar a acessibilidade dos ribeirinhos. Buscando beneficiar toda a popula\u00e7\u00e3o. <\/p>\n\n\n\n<pre class=\"wp-block-verse\"><\/pre>\n","protected":false},"excerpt":{"rendered":"<p>A Secretaria de Agricultura de Camala\u00fa realizou esta semana, reparos em estradas e abertura de desvios nos s\u00edtios: Papagaio, Casc\u00e1vel, Sitio do Meio e adjac\u00eancias.&hellip; <\/p>\n","protected":false},"author":1,"featured_media":159222,"comment_status":"closed","ping_status":"closed","sticky":false,"template":"","format":"standard","meta":{"sfsi_plus_gutenberg_text_before_share":"","sfsi_plus_gutenberg_show_text_before_share":"","sfsi_plus_gutenberg_icon_type":"","sfsi_plus_gutenberg_icon_alignemt":"","sfsi_plus_gutenburg_max_per_row":"","footnotes":""},"categories":[6,50],"tags":[],"class_list":["post-164096","post","type-post","status-publish","format-standard","has-post-thumbnail","hentry","category-cidades","category-destaque"],"_links":{"self":[{"href":"https:\/\/www.caririemacao.com\/1\/wp-json\/wp\/v2\/posts\/164096","targetHints":{"allow":["GET"]}}],"collection":[{"href":"https:\/\/www.caririemacao.com\/1\/wp-json\/wp\/v2\/posts"}],"about":[{"href":"https:\/\/www.caririemacao.com\/1\/wp-json\/wp\/v2\/types\/post"}],"author":[{"embeddable":true,"href":"https:\/\/www.caririemacao.com\/1\/wp-json\/wp\/v2\/users\/1"}],"replies":[{"embeddable":true,"href":"https:\/\/www.caririemacao.com\/1\/wp-json\/wp\/v2\/comments?post=164096"}],"version-history":[{"count":4,"href":"https:\/\/www.caririemacao.com\/1\/wp-json\/wp\/v2\/posts\/164096\/revisions"}],"predecessor-version":[{"id":164269,"href":"https:\/\/www.caririemacao.com\/1\/wp-json\/wp\/v2\/posts\/164096\/revisions\/164269"}],"wp:featuredmedia":[{"embeddable":true,"href":"https:\/\/www.caririemacao.com\/1\/wp-json\/wp\/v2\/media\/159222"}],"wp:attachment":[{"href":"https:\/\/www.caririemacao.com\/1\/wp-json\/wp\/v2\/media?parent=164096"}],"wp:term":[{"taxonomy":"category","embeddable":true,"href":"https:\/\/www.caririemacao.com\/1\/wp-json\/wp\/v2\/categories?post=164096"},{"taxonomy":"post_tag","embeddable":true,"href":"https:\/\/www.caririemacao.com\/1\/wp-json\/wp\/v2\/tags?post=164096"}],"curies":[{"name":"wp","href":"https:\/\/api.w.org\/{rel}","templated":true}]}}