{"id":164103,"date":"2020-04-15T12:36:08","date_gmt":"2020-04-15T15:36:08","guid":{"rendered":"http:\/\/www.caririemacao.com\/1\/?p=164103"},"modified":"2020-04-15T12:36:09","modified_gmt":"2020-04-15T15:36:09","slug":"governo-da-paraiba-obrigara-uso-de-mascaras-em-local-publico-e-vai-multar-quem-descumprir","status":"publish","type":"post","link":"https:\/\/www.caririemacao.com\/1\/2020\/04\/15\/governo-da-paraiba-obrigara-uso-de-mascaras-em-local-publico-e-vai-multar-quem-descumprir\/","title":{"rendered":"Governo da Para\u00edba obrigar\u00e1 uso de m\u00e1scaras em local p\u00fablico e vai multar quem descumprir"},"content":{"rendered":"\n<p>O Governo do Estado vai encaminhar \u00e0 Assembleia Legislativa da Para\u00edba (ALPB) projeto de lei para tornar obrigat\u00f3rio o uso de m\u00e1scaras em locais p\u00fablicos. O an\u00fancio foi feito pelo governador Jo\u00e3o Azev\u00eado, nesta quarta-feira (15), como forma de prevenir contamina\u00e7\u00f5es pelo novo coronav\u00edrus. Quem descumprir a lei ser\u00e1 punido com multa.<\/p>\n\n\n\n<p>\u201cTeremos um prazo para que as pessoas possam adquirir ou fabricar suas m\u00e1scaras\u201d, disse o governador em entrevista \u00e0 TV Cabo Branco. Ele alertou, no entanto, que a recomenda\u00e7\u00e3o \u00e9 para que a popula\u00e7\u00e3o fique em casa e sai apenas em casos extremamente necess\u00e1rios.<\/p>\n\n\n\n<p>A estimativa do Governo do Estado \u00e9 que sejam confirmados pelo menos novos 500 casos da doen\u00e7a Covid-19 na Para\u00edba at\u00e9 o final deste m\u00eas.<\/p>\n\n\n\n<p><em>Mais PB<\/em><\/p>\n","protected":false},"excerpt":{"rendered":"<p>O Governo do Estado vai encaminhar \u00e0 Assembleia Legislativa da Para\u00edba (ALPB) projeto de lei para tornar obrigat\u00f3rio o uso de m\u00e1scaras em locais p\u00fablicos.&hellip; <\/p>\n","protected":false},"author":2,"featured_media":164102,"comment_status":"closed","ping_status":"closed","sticky":false,"template":"","format":"standard","meta":{"sfsi_plus_gutenberg_text_before_share":"","sfsi_plus_gutenberg_show_text_before_share":"","sfsi_plus_gutenberg_icon_type":"","sfsi_plus_gutenberg_icon_alignemt":"","sfsi_plus_gutenburg_max_per_row":"","footnotes":""},"categories":[50,2],"tags":[],"class_list":["post-164103","post","type-post","status-publish","format-standard","has-post-thumbnail","hentry","category-destaque","category-geral"],"_links":{"self":[{"href":"https:\/\/www.caririemacao.com\/1\/wp-json\/wp\/v2\/posts\/164103","targetHints":{"allow":["GET"]}}],"collection":[{"href":"https:\/\/www.caririemacao.com\/1\/wp-json\/wp\/v2\/posts"}],"about":[{"href":"https:\/\/www.caririemacao.com\/1\/wp-json\/wp\/v2\/types\/post"}],"author":[{"embeddable":true,"href":"https:\/\/www.caririemacao.com\/1\/wp-json\/wp\/v2\/users\/2"}],"replies":[{"embeddable":true,"href":"https:\/\/www.caririemacao.com\/1\/wp-json\/wp\/v2\/comments?post=164103"}],"version-history":[{"count":1,"href":"https:\/\/www.caririemacao.com\/1\/wp-json\/wp\/v2\/posts\/164103\/revisions"}],"predecessor-version":[{"id":164104,"href":"https:\/\/www.caririemacao.com\/1\/wp-json\/wp\/v2\/posts\/164103\/revisions\/164104"}],"wp:featuredmedia":[{"embeddable":true,"href":"https:\/\/www.caririemacao.com\/1\/wp-json\/wp\/v2\/media\/164102"}],"wp:attachment":[{"href":"https:\/\/www.caririemacao.com\/1\/wp-json\/wp\/v2\/media?parent=164103"}],"wp:term":[{"taxonomy":"category","embeddable":true,"href":"https:\/\/www.caririemacao.com\/1\/wp-json\/wp\/v2\/categories?post=164103"},{"taxonomy":"post_tag","embeddable":true,"href":"https:\/\/www.caririemacao.com\/1\/wp-json\/wp\/v2\/tags?post=164103"}],"curies":[{"name":"wp","href":"https:\/\/api.w.org\/{rel}","templated":true}]}}