{"id":164106,"date":"2020-04-15T12:40:32","date_gmt":"2020-04-15T15:40:32","guid":{"rendered":"http:\/\/www.caririemacao.com\/1\/?p=164106"},"modified":"2020-04-15T12:40:34","modified_gmt":"2020-04-15T15:40:34","slug":"brasil-tem-14-mil-curados-da-covid-19-55-dos-casos-confirmados","status":"publish","type":"post","link":"https:\/\/www.caririemacao.com\/1\/2020\/04\/15\/brasil-tem-14-mil-curados-da-covid-19-55-dos-casos-confirmados\/","title":{"rendered":"Brasil tem 14 mil curados da Covid-19: 55% dos casos confirmados"},"content":{"rendered":"\n<p>O secret\u00e1rio-executivo do Minist\u00e9rio da Sa\u00fade, Jo\u00e3o Gabbardo, disse nesta ter\u00e7a-feira que o n\u00famero de pacientes curados da Covid-19 hoje, no pa\u00eds, \u00e9 de 14.026, que representam 55% do total de 25.262 diagnosticados com a doen\u00e7a. Outros 9.704 ainda est\u00e3o internados e 1.532 morreram.<\/p>\n\n\n\n<p>Segundo ele, a pasta seguiu regra usada por todos os pa\u00edses que divulgam o n\u00famero de pacientes recuperados. Ele ressaltou que a f\u00f3rmula s\u00f3 pode considerar os casos confirmados da Covid-19, doen\u00e7a que vem sendo subnotificada no pa\u00eds, porque faltam testes e grande parte dos infectados n\u00e3o apresenta sintomas.<\/p>\n\n\n\n<p>Gabbardo disse que a pasta come\u00e7ar\u00e1 a divulgar o dado de curados e negou que houvesse uma inten\u00e7\u00e3o de esconder a informa\u00e7\u00e3o para dimensionar a doen\u00e7a mais grave do que ela \u00e9.<\/p>\n\n\n\n<p>\u2013 At\u00e9 se criou uma narrativa um tanto estranha, tenho percebido nas redes sociais, que o Minist\u00e9rio da Sa\u00fade propositadamente n\u00e3o apresenta o dado de recupera\u00e7\u00e3o, tentando criar uma imagem de que o bicho \u00e9 pior do que \u00e9 realmente. N\u00e3o \u00e9 nada disso \u2013 afirmou Gabbardo.<\/p>\n\n\n\n<p>Nesta ter\u00e7a-feira, houve um recorde no n\u00famero de mortos: 204 novos \u00f3bitos registrados nas \u00faltimas 24 horas, o que equivale a incremento de 15% em rela\u00e7\u00e3o ao acumulado do boletim do Minist\u00e9rio da Sa\u00fade anterior. Agora, s\u00e3o 1.532 mortes. O n\u00famero de casos subiu 8%, chegando a 25.262.<\/p>\n\n\n\n<p><em>O Globo&nbsp;<\/em><\/p>\n","protected":false},"excerpt":{"rendered":"<p>O secret\u00e1rio-executivo do Minist\u00e9rio da Sa\u00fade, Jo\u00e3o Gabbardo, disse nesta ter\u00e7a-feira que o n\u00famero de pacientes curados da Covid-19 hoje, no pa\u00eds, \u00e9 de 14.026,&hellip; <\/p>\n","protected":false},"author":2,"featured_media":164107,"comment_status":"closed","ping_status":"closed","sticky":false,"template":"","format":"standard","meta":{"sfsi_plus_gutenberg_text_before_share":"","sfsi_plus_gutenberg_show_text_before_share":"","sfsi_plus_gutenberg_icon_type":"","sfsi_plus_gutenberg_icon_alignemt":"","sfsi_plus_gutenburg_max_per_row":"","footnotes":""},"categories":[2],"tags":[],"class_list":["post-164106","post","type-post","status-publish","format-standard","has-post-thumbnail","hentry","category-geral"],"_links":{"self":[{"href":"https:\/\/www.caririemacao.com\/1\/wp-json\/wp\/v2\/posts\/164106","targetHints":{"allow":["GET"]}}],"collection":[{"href":"https:\/\/www.caririemacao.com\/1\/wp-json\/wp\/v2\/posts"}],"about":[{"href":"https:\/\/www.caririemacao.com\/1\/wp-json\/wp\/v2\/types\/post"}],"author":[{"embeddable":true,"href":"https:\/\/www.caririemacao.com\/1\/wp-json\/wp\/v2\/users\/2"}],"replies":[{"embeddable":true,"href":"https:\/\/www.caririemacao.com\/1\/wp-json\/wp\/v2\/comments?post=164106"}],"version-history":[{"count":1,"href":"https:\/\/www.caririemacao.com\/1\/wp-json\/wp\/v2\/posts\/164106\/revisions"}],"predecessor-version":[{"id":164108,"href":"https:\/\/www.caririemacao.com\/1\/wp-json\/wp\/v2\/posts\/164106\/revisions\/164108"}],"wp:featuredmedia":[{"embeddable":true,"href":"https:\/\/www.caririemacao.com\/1\/wp-json\/wp\/v2\/media\/164107"}],"wp:attachment":[{"href":"https:\/\/www.caririemacao.com\/1\/wp-json\/wp\/v2\/media?parent=164106"}],"wp:term":[{"taxonomy":"category","embeddable":true,"href":"https:\/\/www.caririemacao.com\/1\/wp-json\/wp\/v2\/categories?post=164106"},{"taxonomy":"post_tag","embeddable":true,"href":"https:\/\/www.caririemacao.com\/1\/wp-json\/wp\/v2\/tags?post=164106"}],"curies":[{"name":"wp","href":"https:\/\/api.w.org\/{rel}","templated":true}]}}