{"id":164115,"date":"2020-04-15T12:49:29","date_gmt":"2020-04-15T15:49:29","guid":{"rendered":"http:\/\/www.caririemacao.com\/1\/?p=164115"},"modified":"2020-04-15T12:49:31","modified_gmt":"2020-04-15T15:49:31","slug":"ministro-ja-avisou-a-equipe-que-sera-demitido-esta-semana","status":"publish","type":"post","link":"https:\/\/www.caririemacao.com\/1\/2020\/04\/15\/ministro-ja-avisou-a-equipe-que-sera-demitido-esta-semana\/","title":{"rendered":"Ministro j\u00e1 avisou \u00e0 equipe que ser\u00e1 demitido esta semana"},"content":{"rendered":"\n<p>O ministro da Sa\u00fade, Luiz Henrique Mandetta, avisou sua que o presidente Jair Bolsonaro j\u00e1 procura um nome para substitu\u00ed-lo e que deve ser demitido ainda esta semana, informa na edi\u00e7\u00e3o desta quarta-feira o jornal Folha de S\u00e3o Paulo.<\/p>\n\n\n\n<p>A conversa que teve com integrantes do minist\u00e9rio teve clima de despedida.<\/p>\n\n\n\n<p>Mandetta rejeitou a ideia, sugerida por alguns membros da equipe, de encurtar a espera e pedir demiss\u00e3o imediatamente, e disse que acertou que permanece no cargo at\u00e9 o eventual substituto assumi-lo, ainda conforme o jornal.<\/p>\n\n\n\n<p>Nesta ter\u00e7a-feira, 14, antes da conversa com a equipe, Mandetta esteve na reuni\u00e3o do conselho ministerial de Bolsonaro, e, segundo relatos, ficou em sil\u00eancio o tempo todo.<\/p>\n\n\n\n<p>*com informa\u00e7\u00f5es da folhapress<\/p>\n","protected":false},"excerpt":{"rendered":"<p>O ministro da Sa\u00fade, Luiz Henrique Mandetta, avisou sua que o presidente Jair Bolsonaro j\u00e1 procura um nome para substitu\u00ed-lo e que deve ser demitido&hellip; <\/p>\n","protected":false},"author":2,"featured_media":164116,"comment_status":"closed","ping_status":"closed","sticky":false,"template":"","format":"standard","meta":{"sfsi_plus_gutenberg_text_before_share":"","sfsi_plus_gutenberg_show_text_before_share":"","sfsi_plus_gutenberg_icon_type":"","sfsi_plus_gutenberg_icon_alignemt":"","sfsi_plus_gutenburg_max_per_row":"","footnotes":""},"categories":[16],"tags":[],"class_list":["post-164115","post","type-post","status-publish","format-standard","has-post-thumbnail","hentry","category-saude"],"_links":{"self":[{"href":"https:\/\/www.caririemacao.com\/1\/wp-json\/wp\/v2\/posts\/164115","targetHints":{"allow":["GET"]}}],"collection":[{"href":"https:\/\/www.caririemacao.com\/1\/wp-json\/wp\/v2\/posts"}],"about":[{"href":"https:\/\/www.caririemacao.com\/1\/wp-json\/wp\/v2\/types\/post"}],"author":[{"embeddable":true,"href":"https:\/\/www.caririemacao.com\/1\/wp-json\/wp\/v2\/users\/2"}],"replies":[{"embeddable":true,"href":"https:\/\/www.caririemacao.com\/1\/wp-json\/wp\/v2\/comments?post=164115"}],"version-history":[{"count":1,"href":"https:\/\/www.caririemacao.com\/1\/wp-json\/wp\/v2\/posts\/164115\/revisions"}],"predecessor-version":[{"id":164117,"href":"https:\/\/www.caririemacao.com\/1\/wp-json\/wp\/v2\/posts\/164115\/revisions\/164117"}],"wp:featuredmedia":[{"embeddable":true,"href":"https:\/\/www.caririemacao.com\/1\/wp-json\/wp\/v2\/media\/164116"}],"wp:attachment":[{"href":"https:\/\/www.caririemacao.com\/1\/wp-json\/wp\/v2\/media?parent=164115"}],"wp:term":[{"taxonomy":"category","embeddable":true,"href":"https:\/\/www.caririemacao.com\/1\/wp-json\/wp\/v2\/categories?post=164115"},{"taxonomy":"post_tag","embeddable":true,"href":"https:\/\/www.caririemacao.com\/1\/wp-json\/wp\/v2\/tags?post=164115"}],"curies":[{"name":"wp","href":"https:\/\/api.w.org\/{rel}","templated":true}]}}