{"id":164123,"date":"2020-04-15T13:52:16","date_gmt":"2020-04-15T16:52:16","guid":{"rendered":"http:\/\/www.caririemacao.com\/1\/?p=164123"},"modified":"2020-04-15T15:55:11","modified_gmt":"2020-04-15T18:55:11","slug":"covid-19-prefeitura-de-ouro-velho-adquire-teste-rapido-e-equipamentos-para-profissionais-da-saude","status":"publish","type":"post","link":"https:\/\/www.caririemacao.com\/1\/2020\/04\/15\/covid-19-prefeitura-de-ouro-velho-adquire-teste-rapido-e-equipamentos-para-profissionais-da-saude\/","title":{"rendered":"Covid-19: Prefeitura de Ouro Velho adquire teste r\u00e1pido e equipamentos para profissionais da sa\u00fade"},"content":{"rendered":"\n<p>A Prefeitura Municipal de Ouro Velho, atrav\u00e9s da Secretaria de Sa\u00fade, adquiriu testes r\u00e1pido para o novo coronav\u00edrus. <\/p>\n\n\n\n<p>Al\u00e9m disso, foram adquiridos equipamentos que visam a prote\u00e7\u00e3o dos funcion\u00e1rios da linha de frente da Sa\u00fade.<\/p>\n\n\n\n<p>Segundo a secret\u00e1ria Ludmilla, os kits prote\u00e7\u00e3o s\u00e3o equipados de \u00f3culos de prote\u00e7\u00e3o individual, macac\u00e3o de isolamento, protetor visual com viseira flex\u00edvel e m\u00e1scaras.<\/p>\n","protected":false},"excerpt":{"rendered":"<p>A Prefeitura Municipal de Ouro Velho, atrav\u00e9s da Secretaria de Sa\u00fade, adquiriu testes r\u00e1pido para o novo coronav\u00edrus. Al\u00e9m disso, foram adquiridos equipamentos que visam&hellip; <\/p>\n","protected":false},"author":1,"featured_media":164124,"comment_status":"closed","ping_status":"closed","sticky":false,"template":"","format":"standard","meta":{"sfsi_plus_gutenberg_text_before_share":"","sfsi_plus_gutenberg_show_text_before_share":"","sfsi_plus_gutenberg_icon_type":"","sfsi_plus_gutenberg_icon_alignemt":"","sfsi_plus_gutenburg_max_per_row":"","footnotes":""},"categories":[6,50,16],"tags":[],"class_list":["post-164123","post","type-post","status-publish","format-standard","has-post-thumbnail","hentry","category-cidades","category-destaque","category-saude"],"_links":{"self":[{"href":"https:\/\/www.caririemacao.com\/1\/wp-json\/wp\/v2\/posts\/164123","targetHints":{"allow":["GET"]}}],"collection":[{"href":"https:\/\/www.caririemacao.com\/1\/wp-json\/wp\/v2\/posts"}],"about":[{"href":"https:\/\/www.caririemacao.com\/1\/wp-json\/wp\/v2\/types\/post"}],"author":[{"embeddable":true,"href":"https:\/\/www.caririemacao.com\/1\/wp-json\/wp\/v2\/users\/1"}],"replies":[{"embeddable":true,"href":"https:\/\/www.caririemacao.com\/1\/wp-json\/wp\/v2\/comments?post=164123"}],"version-history":[{"count":3,"href":"https:\/\/www.caririemacao.com\/1\/wp-json\/wp\/v2\/posts\/164123\/revisions"}],"predecessor-version":[{"id":164153,"href":"https:\/\/www.caririemacao.com\/1\/wp-json\/wp\/v2\/posts\/164123\/revisions\/164153"}],"wp:featuredmedia":[{"embeddable":true,"href":"https:\/\/www.caririemacao.com\/1\/wp-json\/wp\/v2\/media\/164124"}],"wp:attachment":[{"href":"https:\/\/www.caririemacao.com\/1\/wp-json\/wp\/v2\/media?parent=164123"}],"wp:term":[{"taxonomy":"category","embeddable":true,"href":"https:\/\/www.caririemacao.com\/1\/wp-json\/wp\/v2\/categories?post=164123"},{"taxonomy":"post_tag","embeddable":true,"href":"https:\/\/www.caririemacao.com\/1\/wp-json\/wp\/v2\/tags?post=164123"}],"curies":[{"name":"wp","href":"https:\/\/api.w.org\/{rel}","templated":true}]}}