{"id":164129,"date":"2020-04-15T13:51:33","date_gmt":"2020-04-15T16:51:33","guid":{"rendered":"http:\/\/www.caririemacao.com\/1\/?p=164129"},"modified":"2020-04-15T13:51:35","modified_gmt":"2020-04-15T16:51:35","slug":"respirador-pulmonar-da-ufpb-tem-licenca-liberada-para-producao-em-larga-escala","status":"publish","type":"post","link":"https:\/\/www.caririemacao.com\/1\/2020\/04\/15\/respirador-pulmonar-da-ufpb-tem-licenca-liberada-para-producao-em-larga-escala\/","title":{"rendered":"Respirador pulmonar da UFPB tem licen\u00e7a liberada para produ\u00e7\u00e3o em larga escala"},"content":{"rendered":"\n<p>O respirador pulmonar da Universidade Federal da Para\u00edba (UFPB),&nbsp;or\u00e7ado em&nbsp;R$ 400&nbsp;e&nbsp;37 vezes mais barato do que o dispon\u00edvel&nbsp;no mercado,&nbsp;tem licen\u00e7a liberada&nbsp;para produ\u00e7\u00e3o por empresas.&nbsp;Para solicitar permiss\u00e3o, basta entrar em contato com a&nbsp;Ag\u00eancia UFPB de Inova\u00e7\u00e3o Tecnol\u00f3gica (Inova),&nbsp;atrav\u00e9s do&nbsp;e-mail&nbsp;inova@reitoria.ufpb.br.<\/p>\n\n\n\n<p>Segundo a Inova UFPB,&nbsp;para produzir e vender o respirador&nbsp;pulmonar, as empresas precisam ter&nbsp;autoriza\u00e7\u00e3o da Ag\u00eancia Nacional de Vigil\u00e2ncia Sanit\u00e1ria (Anvisa) e o aparelho ainda precisar\u00e1&nbsp;passar por testes pelo Instituto Nacional de Metrologia, Qualidade e Tecnologia (Inmetro).<\/p>\n\n\n\n<p>Em nota, Petr\u00f4nio de Athayde Filho,&nbsp;diretor da&nbsp;Inova UFPB, avalia que,&nbsp;em face da urg\u00eancia&nbsp;devido ao aumento de casos de Covid-19 no pa\u00eds, as tramita\u00e7\u00f5es burocr\u00e1ticas e testes&nbsp;poder\u00e3o ser&nbsp;aceleradas.<\/p>\n\n\n\n<p>O ventilador pulmonar desenvolvido na UFPB faz uso da tecnologia&nbsp;<em>touch-screen<\/em>, \u00e9 equipado com sistema multibiom\u00e9trico e tem conectividade&nbsp;<em>wireless<\/em>. Assim, \u00e9 poss\u00edvel acess\u00e1-lo, monitor\u00e1-lo e oper\u00e1-lo em tempo real, remotamente, por meio de aplicativo em dispositivos m\u00f3veis como&nbsp;<em>smartphones<\/em>.<\/p>\n\n\n\n<p>O equipamento tamb\u00e9m \u00e9 de r\u00e1pida montagem e programa\u00e7\u00e3o, sendo poss\u00edvel oper\u00e1-lo em 60 segundos. Outro detalhe \u00e9 que ele n\u00e3o \u00e9 um respirador de emerg\u00eancia, podendo ser usado indefinidamente, ou seja, um substituto aos convencionais comercializados atualmente.<\/p>\n\n\n\n<p>Criado em 48 horas&nbsp;pelos inventores Railson Ramos, Mario Ugulino, V\u00e1lber Almeida, Tiago Maritan e Marcos Alves, as primeiras imagens do respirador j\u00e1 circulavam nas redes sociais no&nbsp;dia 30 de mar\u00e7o.&nbsp;Em 1\u00ba de abril,&nbsp;pedido de patente foi&nbsp;redigido. No subsequente,&nbsp;protocolado&nbsp;junto ao Instituto Nacional da Propriedade Industrial&nbsp;(INPI).<br><\/p>\n","protected":false},"excerpt":{"rendered":"<p>O respirador pulmonar da Universidade Federal da Para\u00edba (UFPB),&nbsp;or\u00e7ado em&nbsp;R$ 400&nbsp;e&nbsp;37 vezes mais barato do que o dispon\u00edvel&nbsp;no mercado,&nbsp;tem licen\u00e7a liberada&nbsp;para produ\u00e7\u00e3o por empresas.&nbsp;Para solicitar&hellip; <\/p>\n","protected":false},"author":2,"featured_media":164130,"comment_status":"closed","ping_status":"closed","sticky":false,"template":"","format":"standard","meta":{"sfsi_plus_gutenberg_text_before_share":"","sfsi_plus_gutenberg_show_text_before_share":"","sfsi_plus_gutenberg_icon_type":"","sfsi_plus_gutenberg_icon_alignemt":"","sfsi_plus_gutenburg_max_per_row":"","footnotes":""},"categories":[2],"tags":[],"class_list":["post-164129","post","type-post","status-publish","format-standard","has-post-thumbnail","hentry","category-geral"],"_links":{"self":[{"href":"https:\/\/www.caririemacao.com\/1\/wp-json\/wp\/v2\/posts\/164129","targetHints":{"allow":["GET"]}}],"collection":[{"href":"https:\/\/www.caririemacao.com\/1\/wp-json\/wp\/v2\/posts"}],"about":[{"href":"https:\/\/www.caririemacao.com\/1\/wp-json\/wp\/v2\/types\/post"}],"author":[{"embeddable":true,"href":"https:\/\/www.caririemacao.com\/1\/wp-json\/wp\/v2\/users\/2"}],"replies":[{"embeddable":true,"href":"https:\/\/www.caririemacao.com\/1\/wp-json\/wp\/v2\/comments?post=164129"}],"version-history":[{"count":1,"href":"https:\/\/www.caririemacao.com\/1\/wp-json\/wp\/v2\/posts\/164129\/revisions"}],"predecessor-version":[{"id":164131,"href":"https:\/\/www.caririemacao.com\/1\/wp-json\/wp\/v2\/posts\/164129\/revisions\/164131"}],"wp:featuredmedia":[{"embeddable":true,"href":"https:\/\/www.caririemacao.com\/1\/wp-json\/wp\/v2\/media\/164130"}],"wp:attachment":[{"href":"https:\/\/www.caririemacao.com\/1\/wp-json\/wp\/v2\/media?parent=164129"}],"wp:term":[{"taxonomy":"category","embeddable":true,"href":"https:\/\/www.caririemacao.com\/1\/wp-json\/wp\/v2\/categories?post=164129"},{"taxonomy":"post_tag","embeddable":true,"href":"https:\/\/www.caririemacao.com\/1\/wp-json\/wp\/v2\/tags?post=164129"}],"curies":[{"name":"wp","href":"https:\/\/api.w.org\/{rel}","templated":true}]}}