{"id":164132,"date":"2020-04-15T13:52:47","date_gmt":"2020-04-15T16:52:47","guid":{"rendered":"http:\/\/www.caririemacao.com\/1\/?p=164132"},"modified":"2020-04-15T13:52:50","modified_gmt":"2020-04-15T16:52:50","slug":"hematologista-explica-quando-e-preciso-realizar-o-teste-da-covid-19","status":"publish","type":"post","link":"https:\/\/www.caririemacao.com\/1\/2020\/04\/15\/hematologista-explica-quando-e-preciso-realizar-o-teste-da-covid-19\/","title":{"rendered":"Hematologista explica quando \u00e9 preciso realizar o teste da Covid-19"},"content":{"rendered":"\n<p>O m\u00e9dico hematologista Igor Baracuhy afirmou que os testes da Covid-19 devem ser realizados em pacientes que apresentam, por mais de sete dias, sintomas comuns de gripe, como coriza, tosse, febre e falta de ar. Ele destacou que quanto mais testes forem realizados, mais \u00e9 poss\u00edvel reduzir a taxa de mortalidade pela Covid-19, doen\u00e7a causada pelo novo coronav\u00edrus.<\/p>\n\n\n\n<p>\u2013 Quando a gente analisa a taxa de mortalidade da Covid-19, ela assusta. Essa taxa est\u00e1 superestimada, porque a maioria das pessoas infectadas n\u00e3o desenvolve sintomas. Quando come\u00e7armos a fazer o teste em massa, a taxa de mortalidade vai ser reduzida \u2013 disse.<\/p>\n\n\n\n<p>Segundo Igor, as pessoas que tiveram contato com infectados pelo novo coronav\u00edrus tamb\u00e9m devem procurar realizar o teste.<\/p>\n\n\n\n<p>\u2013 O teste \u00e9 indicado para todos os pacientes que apresentaram sintomas gripais a partir do s\u00e9timo dia. Esse teste visa a pesquisa da resposta imunol\u00f3gica do paciente ao v\u00edrus, por isso precisamos do tempo do in\u00edcio do sintoma at\u00e9 a coleta do sangue para o exame \u2013 explicou.<\/p>\n\n\n\n<p>Igor afirmou, durante entrevista \u00e0 R\u00e1dio Caturit\u00e9 FM, que atualmente o isolamento social \u00e9 a medida mais efetiva no combate \u00e0 Covid-19, tendo em vista que ainda n\u00e3o h\u00e1 vacinas dispon\u00edveis contra a doen\u00e7a.<\/p>\n\n\n\n<p>Ele ainda refor\u00e7ou que \u00e9 preciso que as pessoas mantenham h\u00e1bitos saud\u00e1veis e preservem a sa\u00fade mental neste momento dif\u00edcil.<\/p>\n","protected":false},"excerpt":{"rendered":"<p>O m\u00e9dico hematologista Igor Baracuhy afirmou que os testes da Covid-19 devem ser realizados em pacientes que apresentam, por mais de sete dias, sintomas comuns&hellip; <\/p>\n","protected":false},"author":2,"featured_media":164134,"comment_status":"closed","ping_status":"closed","sticky":false,"template":"","format":"standard","meta":{"sfsi_plus_gutenberg_text_before_share":"","sfsi_plus_gutenberg_show_text_before_share":"","sfsi_plus_gutenberg_icon_type":"","sfsi_plus_gutenberg_icon_alignemt":"","sfsi_plus_gutenburg_max_per_row":"","footnotes":""},"categories":[2],"tags":[],"class_list":["post-164132","post","type-post","status-publish","format-standard","has-post-thumbnail","hentry","category-geral"],"_links":{"self":[{"href":"https:\/\/www.caririemacao.com\/1\/wp-json\/wp\/v2\/posts\/164132","targetHints":{"allow":["GET"]}}],"collection":[{"href":"https:\/\/www.caririemacao.com\/1\/wp-json\/wp\/v2\/posts"}],"about":[{"href":"https:\/\/www.caririemacao.com\/1\/wp-json\/wp\/v2\/types\/post"}],"author":[{"embeddable":true,"href":"https:\/\/www.caririemacao.com\/1\/wp-json\/wp\/v2\/users\/2"}],"replies":[{"embeddable":true,"href":"https:\/\/www.caririemacao.com\/1\/wp-json\/wp\/v2\/comments?post=164132"}],"version-history":[{"count":1,"href":"https:\/\/www.caririemacao.com\/1\/wp-json\/wp\/v2\/posts\/164132\/revisions"}],"predecessor-version":[{"id":164135,"href":"https:\/\/www.caririemacao.com\/1\/wp-json\/wp\/v2\/posts\/164132\/revisions\/164135"}],"wp:featuredmedia":[{"embeddable":true,"href":"https:\/\/www.caririemacao.com\/1\/wp-json\/wp\/v2\/media\/164134"}],"wp:attachment":[{"href":"https:\/\/www.caririemacao.com\/1\/wp-json\/wp\/v2\/media?parent=164132"}],"wp:term":[{"taxonomy":"category","embeddable":true,"href":"https:\/\/www.caririemacao.com\/1\/wp-json\/wp\/v2\/categories?post=164132"},{"taxonomy":"post_tag","embeddable":true,"href":"https:\/\/www.caririemacao.com\/1\/wp-json\/wp\/v2\/tags?post=164132"}],"curies":[{"name":"wp","href":"https:\/\/api.w.org\/{rel}","templated":true}]}}