{"id":164141,"date":"2020-04-15T14:07:03","date_gmt":"2020-04-15T17:07:03","guid":{"rendered":"http:\/\/www.caririemacao.com\/1\/?p=164141"},"modified":"2020-04-15T14:07:45","modified_gmt":"2020-04-15T17:07:45","slug":"taperoa-presidente-da-camara-solicita-acao-da-secretaria-de-saude-depois-de-confirmado-1-obito-por-covid-19","status":"publish","type":"post","link":"https:\/\/www.caririemacao.com\/1\/2020\/04\/15\/taperoa-presidente-da-camara-solicita-acao-da-secretaria-de-saude-depois-de-confirmado-1-obito-por-covid-19\/","title":{"rendered":"Tapero\u00e1: Presidente da C\u00e2mara solicita a\u00e7\u00e3o da Secretaria de Sa\u00fade depois de confirmado 1\u00b0 \u00f3bito por Covid-19"},"content":{"rendered":"\n<p>O presidente da C\u00e2mara de Tapero\u00e1, Birino Brito, est\u00e1 solicitando da Secretaria Municipal de Sa\u00fade medidas urgentes de preven\u00e7\u00e3o acerca da primeira morte por Covid-19 no \u00e2mbito do munic\u00edpio. Nesta ter\u00e7a-feira (14), a Secretaria de Sa\u00fade do Estado confirmou que a rec\u00e9m nascida falecida no \u00faltimo final de semana em Tapero\u00e1 morreu por conta do novo coronav\u00edrus.<\/p>\n\n\n\n<p>Segundo Birino, a Secretaria de Sa\u00fade do munic\u00edpio precisa de forma r\u00e1pida e afim de resguardar a fam\u00edlia da crian\u00e7a falecida e pessoas pr\u00f3ximas, tomar medidas no sentido de investigar como a crian\u00e7a contraiu o v\u00edrus. A investiga\u00e7\u00e3o, segundo o presidente, deve passar ainda pelas pessoas que estiveram com a crian\u00e7a antes dela falecer.<\/p>\n\n\n\n<p>Birino pediu ainda teste para os profissionais que assistiram a crian\u00e7a quando ela foi trazida ao Hospital de Tapero\u00e1 e solicitou que a Secretaria informe \u00e0 popula\u00e7\u00e3o de forma clara o andamento dos casos suspeitos e todas as medidas de preven\u00e7\u00e3o ao Covid-19, para ajudar a popula\u00e7\u00e3o a se prevenir e at\u00e9 aumentar o isolamento social. \u201cA informa\u00e7\u00e3o \u00e9 neste momento uma arma importante para a sociedade e ningu\u00e9m melhor que um \u00f3rg\u00e3o t\u00e9cnico para est\u00e1 repassando com seriedade as not\u00edcias desta nova doen\u00e7a \u00e0 nossa popula\u00e7\u00e3o\u201d, pontuou o vereador presidente.<\/p>\n\n\n\n<p>De Olho no Cariri<\/p>\n\n\n\n<p>POR:&nbsp;&nbsp;KLEBSON WANDERLEY<\/p>\n","protected":false},"excerpt":{"rendered":"<p>O presidente da C\u00e2mara de Tapero\u00e1, Birino Brito, est\u00e1 solicitando da Secretaria Municipal de Sa\u00fade medidas urgentes de preven\u00e7\u00e3o acerca da primeira morte por Covid-19&hellip; <\/p>\n","protected":false},"author":1,"featured_media":164142,"comment_status":"closed","ping_status":"closed","sticky":false,"template":"","format":"standard","meta":{"sfsi_plus_gutenberg_text_before_share":"","sfsi_plus_gutenberg_show_text_before_share":"","sfsi_plus_gutenberg_icon_type":"","sfsi_plus_gutenberg_icon_alignemt":"","sfsi_plus_gutenburg_max_per_row":"","footnotes":""},"categories":[6,16],"tags":[],"class_list":["post-164141","post","type-post","status-publish","format-standard","has-post-thumbnail","hentry","category-cidades","category-saude"],"_links":{"self":[{"href":"https:\/\/www.caririemacao.com\/1\/wp-json\/wp\/v2\/posts\/164141","targetHints":{"allow":["GET"]}}],"collection":[{"href":"https:\/\/www.caririemacao.com\/1\/wp-json\/wp\/v2\/posts"}],"about":[{"href":"https:\/\/www.caririemacao.com\/1\/wp-json\/wp\/v2\/types\/post"}],"author":[{"embeddable":true,"href":"https:\/\/www.caririemacao.com\/1\/wp-json\/wp\/v2\/users\/1"}],"replies":[{"embeddable":true,"href":"https:\/\/www.caririemacao.com\/1\/wp-json\/wp\/v2\/comments?post=164141"}],"version-history":[{"count":2,"href":"https:\/\/www.caririemacao.com\/1\/wp-json\/wp\/v2\/posts\/164141\/revisions"}],"predecessor-version":[{"id":164144,"href":"https:\/\/www.caririemacao.com\/1\/wp-json\/wp\/v2\/posts\/164141\/revisions\/164144"}],"wp:featuredmedia":[{"embeddable":true,"href":"https:\/\/www.caririemacao.com\/1\/wp-json\/wp\/v2\/media\/164142"}],"wp:attachment":[{"href":"https:\/\/www.caririemacao.com\/1\/wp-json\/wp\/v2\/media?parent=164141"}],"wp:term":[{"taxonomy":"category","embeddable":true,"href":"https:\/\/www.caririemacao.com\/1\/wp-json\/wp\/v2\/categories?post=164141"},{"taxonomy":"post_tag","embeddable":true,"href":"https:\/\/www.caririemacao.com\/1\/wp-json\/wp\/v2\/tags?post=164141"}],"curies":[{"name":"wp","href":"https:\/\/api.w.org\/{rel}","templated":true}]}}