{"id":164156,"date":"2020-04-15T16:36:45","date_gmt":"2020-04-15T19:36:45","guid":{"rendered":"http:\/\/www.caririemacao.com\/1\/?p=164156"},"modified":"2020-04-15T16:36:48","modified_gmt":"2020-04-15T19:36:48","slug":"pm-prende-acusado-de-tentativa-de-feminicidio-e-apreende-armas-no-cariri","status":"publish","type":"post","link":"https:\/\/www.caririemacao.com\/1\/2020\/04\/15\/pm-prende-acusado-de-tentativa-de-feminicidio-e-apreende-armas-no-cariri\/","title":{"rendered":"PM prende acusado de tentativa de feminic\u00eddio e apreende armas no Cariri"},"content":{"rendered":"\n<p>A Pol\u00edcia Militar prendeu na manh\u00e3 do dia 15 (quarta-feira) o acusado de tentativa de feminic\u00eddio na cidade de Monteiro, ainda foram apreendidas uma espingarda e uma faca.<\/p>\n\n\n\n<p>O crime ocorreu por volta das 09h40min, desta quarta-feira, na Vila Santa Maria em Monteiro, onde o acusado Jos\u00e9 Ricardo, desferiu dois golpes de faca, contra a v\u00edtima Sr. Adriana que foi socorrida pelo SAMU.<\/p>\n\n\n\n<p>Os policiais militares ficaram sabendo do caso atrav\u00e9s de um chamado pelo COPOM. Ap\u00f3s a realiza\u00e7\u00e3o de buscas o acusado foi localizado na casa de sua genitora, ainda foram apreendidos na opera\u00e7\u00e3o uma faca usada no crime, e uma espingarda antecarga (soca-soca).<\/p>\n\n\n\n<p>O material apreendido foi encaminhado para a delegacia de Pol\u00edcia Civil, em Monteiro, juntamente com o acusado para a devida qualifica\u00e7\u00e3o.<\/p>\n","protected":false},"excerpt":{"rendered":"<p>A Pol\u00edcia Militar prendeu na manh\u00e3 do dia 15 (quarta-feira) o acusado de tentativa de feminic\u00eddio na cidade de Monteiro, ainda foram apreendidas uma espingarda&hellip; <\/p>\n","protected":false},"author":1,"featured_media":164157,"comment_status":"closed","ping_status":"closed","sticky":false,"template":"","format":"standard","meta":{"sfsi_plus_gutenberg_text_before_share":"","sfsi_plus_gutenberg_show_text_before_share":"","sfsi_plus_gutenberg_icon_type":"","sfsi_plus_gutenberg_icon_alignemt":"","sfsi_plus_gutenburg_max_per_row":"","footnotes":""},"categories":[6,50],"tags":[],"class_list":["post-164156","post","type-post","status-publish","format-standard","has-post-thumbnail","hentry","category-cidades","category-destaque"],"_links":{"self":[{"href":"https:\/\/www.caririemacao.com\/1\/wp-json\/wp\/v2\/posts\/164156","targetHints":{"allow":["GET"]}}],"collection":[{"href":"https:\/\/www.caririemacao.com\/1\/wp-json\/wp\/v2\/posts"}],"about":[{"href":"https:\/\/www.caririemacao.com\/1\/wp-json\/wp\/v2\/types\/post"}],"author":[{"embeddable":true,"href":"https:\/\/www.caririemacao.com\/1\/wp-json\/wp\/v2\/users\/1"}],"replies":[{"embeddable":true,"href":"https:\/\/www.caririemacao.com\/1\/wp-json\/wp\/v2\/comments?post=164156"}],"version-history":[{"count":1,"href":"https:\/\/www.caririemacao.com\/1\/wp-json\/wp\/v2\/posts\/164156\/revisions"}],"predecessor-version":[{"id":164158,"href":"https:\/\/www.caririemacao.com\/1\/wp-json\/wp\/v2\/posts\/164156\/revisions\/164158"}],"wp:featuredmedia":[{"embeddable":true,"href":"https:\/\/www.caririemacao.com\/1\/wp-json\/wp\/v2\/media\/164157"}],"wp:attachment":[{"href":"https:\/\/www.caririemacao.com\/1\/wp-json\/wp\/v2\/media?parent=164156"}],"wp:term":[{"taxonomy":"category","embeddable":true,"href":"https:\/\/www.caririemacao.com\/1\/wp-json\/wp\/v2\/categories?post=164156"},{"taxonomy":"post_tag","embeddable":true,"href":"https:\/\/www.caririemacao.com\/1\/wp-json\/wp\/v2\/tags?post=164156"}],"curies":[{"name":"wp","href":"https:\/\/api.w.org\/{rel}","templated":true}]}}