{"id":164166,"date":"2020-04-15T17:02:56","date_gmt":"2020-04-15T20:02:56","guid":{"rendered":"http:\/\/www.caririemacao.com\/1\/?p=164166"},"modified":"2020-04-15T17:02:58","modified_gmt":"2020-04-15T20:02:58","slug":"secretario-de-vigilancia-em-saude-auxiliar-de-mandetta-pede-demissao","status":"publish","type":"post","link":"https:\/\/www.caririemacao.com\/1\/2020\/04\/15\/secretario-de-vigilancia-em-saude-auxiliar-de-mandetta-pede-demissao\/","title":{"rendered":"Secret\u00e1rio de Vigil\u00e2ncia em Sa\u00fade auxiliar de Mandetta pede demiss\u00e3o"},"content":{"rendered":"\n<p>O secret\u00e1rio de Vigil\u00e2ncia em Sa\u00fade do Minist\u00e9rio da Sa\u00fade, Wanderson de Oliveira, pediu demiss\u00e3o na manh\u00e3 desta quarta-feira (15). A informa\u00e7\u00e3o foi divulgada em nota oficial do minist\u00e9rio.<\/p>\n\n\n\n<p>A sa\u00edda de Wanderson ocorre em meio \u00e0&nbsp;<a href=\"https:\/\/g1.globo.com\/bemestar\/coronavirus\/\">pandemia de coronav\u00edrus<\/a>. Ele \u00e9 um dos principais homens de confian\u00e7a do ministro da Sa\u00fade, Luiz Henrique Mandetta. Wanderson vinha sendo uma das autoridades do minist\u00e9rio que mais participavam das a\u00e7\u00f5es da pasta sobre o enfrentamento ao v\u00edrus e estava presente em boa parte das entrevistas coletivas da pasta sobre o tema.<\/p>\n\n\n\n<p>Wanderson, assim Mandetta,\u00a0\u00e9 defensor do isolamento social\u00a0como estrat\u00e9gia de conten\u00e7\u00e3o do v\u00edrus. A medida \u00e9 criticada pelo presidente Jair Bolsonaro, que afirma que esta a\u00e7\u00e3o \u00e9 prejudicial \u00e0 economia, e vem sendo motivo de embate entre ele e o ministro Mandetta.<\/p>\n\n\n\n<p>Bolsonaro contrariou orienta\u00e7\u00f5es do Minist\u00e9rio da Sa\u00fade e chegou a passear por Bras\u00edlia em ao menos tr\u00eas ocasi\u00f5es nas \u00faltimas semanas, quando teve contato f\u00edsico com apoiadores e gerou aglomera\u00e7\u00f5es.<\/p>\n\n\n\n<p>Como secret\u00e1rio, Wanderson era um dos mais incomodados no Minist\u00e9rio da Sa\u00fade com a opini\u00e3o divergente de Bolsonaro sobre as medidas de combate \u00e0 pandemia, conforme informou o Jornal Hoje. Ele atuava junto de Mandetta e do secret\u00e1rio-executivo da pasta, Jo\u00e3o Gabbardo, nas medidas para combater o novo coronav\u00edrus.<\/p>\n\n\n\n<h2 class=\"wp-block-heading\">Perfil<\/h2>\n\n\n\n<p>No Minist\u00e9rio da Sa\u00fade h\u00e1 15 anos, Wanderson, do quadro t\u00e9cnico da pasta, coordenou a resposta nacional \u00e0 pandemia da gripe do v\u00edrus tipo A H1N1, em 2009, e da epidemia da zika cong\u00eanita entre 2015 e 2016.<\/p>\n\n\n\n<p>Na secretaria, Wanderson foi respons\u00e1vel por a\u00e7\u00f5es de vigil\u00e2ncia, preven\u00e7\u00e3o e controle de doen\u00e7as transmiss\u00edveis no Brasil, pela vigil\u00e2ncia de fatores de risco para o desenvolvimento de doen\u00e7as cr\u00f4nicas n\u00e3o transmiss\u00edveis, sa\u00fade ambiental e do trabalhador e tamb\u00e9m pela an\u00e1lise de situa\u00e7\u00e3o de sa\u00fade da popula\u00e7\u00e3o brasileira.<\/p>\n\n\n\n<p>Wanderson de Oliveira \u00e9 doutor em epidemiologia pela Faculdade de Medicina da Universidade Federal do Rio Grande do Sul.<\/p>\n\n\n\n<p>Ele tem especializa\u00e7\u00e3o pelo programa de treinamento em epidemiologia aplicada ao SUS, pelo Centro de Controle e Preven\u00e7\u00e3o de Doen\u00e7as da Georgia, nos Estados Unidos. \u00c9 especialista em epidemiologia pela Escola de Sa\u00fade P\u00fablica Johns Hopkins, tamb\u00e9m nos Estados Unidos, e \u00e9 professor da escola da funda\u00e7\u00e3o Oswaldo Cruz, em Bras\u00edlia.<\/p>\n\n\n\n<h2 class=\"wp-block-heading\">Casos no Brasil<\/h2>\n\n\n\n<p><a href=\"https:\/\/g1.globo.com\/bemestar\/coronavirus\/noticia\/2020\/04\/15\/casos-de-coronavirus-no-brasil-em-15-de-abril.ghtml\">As secretarias estaduais de Sa\u00fade divulgaram<\/a>, at\u00e9 as 6h25 desta quarta-feira (15), 25.758 casos confirmados do novo coronav\u00edrus (Sars-Cov-2) no Brasil, com 1.557 mortes. Com a primeira v\u00edtima no Tocantins, o Brasil passa a ter mortos pela Covid-19 em todas as unidades da federa\u00e7\u00e3o.<\/p>\n\n\n\n<p>Fortaleza tem 1.845 casos confirmados da doen\u00e7a e \u00e9 a capital com maior incid\u00eancia de casos no pa\u00eds, \u00e0 frente de Manaus e S\u00e3o Paulo, respectivamente. S\u00e3o Paulo \u00e9 a cidade com que concentra o maior n\u00famero absoluto de registros.<\/p>\n\n\n\n<p>Com G1 PB<\/p>\n\n\n\n<p><\/p>\n","protected":false},"excerpt":{"rendered":"<p>O secret\u00e1rio de Vigil\u00e2ncia em Sa\u00fade do Minist\u00e9rio da Sa\u00fade, Wanderson de Oliveira, pediu demiss\u00e3o na manh\u00e3 desta quarta-feira (15). A informa\u00e7\u00e3o foi divulgada em&hellip; <\/p>\n","protected":false},"author":1,"featured_media":164168,"comment_status":"closed","ping_status":"closed","sticky":false,"template":"","format":"standard","meta":{"sfsi_plus_gutenberg_text_before_share":"","sfsi_plus_gutenberg_show_text_before_share":"","sfsi_plus_gutenberg_icon_type":"","sfsi_plus_gutenberg_icon_alignemt":"","sfsi_plus_gutenburg_max_per_row":"","footnotes":""},"categories":[50,16],"tags":[],"class_list":["post-164166","post","type-post","status-publish","format-standard","has-post-thumbnail","hentry","category-destaque","category-saude"],"_links":{"self":[{"href":"https:\/\/www.caririemacao.com\/1\/wp-json\/wp\/v2\/posts\/164166","targetHints":{"allow":["GET"]}}],"collection":[{"href":"https:\/\/www.caririemacao.com\/1\/wp-json\/wp\/v2\/posts"}],"about":[{"href":"https:\/\/www.caririemacao.com\/1\/wp-json\/wp\/v2\/types\/post"}],"author":[{"embeddable":true,"href":"https:\/\/www.caririemacao.com\/1\/wp-json\/wp\/v2\/users\/1"}],"replies":[{"embeddable":true,"href":"https:\/\/www.caririemacao.com\/1\/wp-json\/wp\/v2\/comments?post=164166"}],"version-history":[{"count":1,"href":"https:\/\/www.caririemacao.com\/1\/wp-json\/wp\/v2\/posts\/164166\/revisions"}],"predecessor-version":[{"id":164169,"href":"https:\/\/www.caririemacao.com\/1\/wp-json\/wp\/v2\/posts\/164166\/revisions\/164169"}],"wp:featuredmedia":[{"embeddable":true,"href":"https:\/\/www.caririemacao.com\/1\/wp-json\/wp\/v2\/media\/164168"}],"wp:attachment":[{"href":"https:\/\/www.caririemacao.com\/1\/wp-json\/wp\/v2\/media?parent=164166"}],"wp:term":[{"taxonomy":"category","embeddable":true,"href":"https:\/\/www.caririemacao.com\/1\/wp-json\/wp\/v2\/categories?post=164166"},{"taxonomy":"post_tag","embeddable":true,"href":"https:\/\/www.caririemacao.com\/1\/wp-json\/wp\/v2\/tags?post=164166"}],"curies":[{"name":"wp","href":"https:\/\/api.w.org\/{rel}","templated":true}]}}