{"id":164174,"date":"2020-04-16T06:40:51","date_gmt":"2020-04-16T09:40:51","guid":{"rendered":"http:\/\/www.caririemacao.com\/1\/?p=164174"},"modified":"2020-04-16T06:40:53","modified_gmt":"2020-04-16T09:40:53","slug":"prefeitura-de-prata-esclarece-gastos-com-combustiveis-e-lamenta-politicagem-baixa-feita-pela-oposicao","status":"publish","type":"post","link":"https:\/\/www.caririemacao.com\/1\/2020\/04\/16\/prefeitura-de-prata-esclarece-gastos-com-combustiveis-e-lamenta-politicagem-baixa-feita-pela-oposicao\/","title":{"rendered":"Prefeitura de Prata esclarece gastos com combust\u00edveis e lamenta politicagem baixa feita pela oposi\u00e7\u00e3o"},"content":{"rendered":"\n<p>A Prefeitura Municipal de Prata veio a p\u00fablico nesta quarta-feira (15), esclarecer uma den\u00fancia feita pelo grupo de oposi\u00e7\u00e3o com rela\u00e7\u00e3o a licita\u00e7\u00e3o com combust\u00edveis para o ano de 2020. A mat\u00e9ria, veiculada em um blog administrado por um parente do candidato derrotado nas \u00faltimas duas elei\u00e7\u00f5es, Felizardo Moura, diz que o combust\u00edvel licitado estaria totalmente fora dos padr\u00f5es.<\/p>\n\n\n\n<p>O prefeito J\u00fanior N\u00f3brega esclareceu que a den\u00fancia foi feita de forma totalmente caluniosa, j\u00e1 que assim como nos \u00faltimos anos, em 2020 foi licitado um valor, por\u00e9m, a compra final ao longo de 12 meses sempre \u00e9 muito inferior para atender uma frota de mais de 20 ve\u00edculos, entre tratores, retroescavadeira, patrol, caminh\u00e3o pipa, v\u00e1rios \u00f4nibus, ca\u00e7amba, enchedeira, ambul\u00e2ncias, entre outros.<\/p>\n\n\n\n<p>\u201cPara se ter uma ideia, em 2019 foi licitado R$ 1.219.791,00, por\u00e9m, o consumo final ao longo de 12 meses foi de R$ 781 mil. Este ano de 2020, licitamos R$ 1.262.631,50, por\u00e9m, apesar de estarmos praticamente na metade do ano, gastamos apenas R$ 145.767,21. Se voltar um pouco mais no tempo, no ano de 2012 foi gasto R$ 816 mil, com uma frota bem menor que a atual e o combust\u00edvel bem mais em conta. Fazemos sempre uma previs\u00e3o para que n\u00e3o aconte\u00e7a de precisarmos gastar com combust\u00edvel, e n\u00e3o estar licitado\u201d, comentou o prefeito.<\/p>\n\n\n\n<p>Para finalizar, J\u00fanior N\u00f3brega enfatizou que os gastos com combust\u00edveis na cidade de Prata est\u00e3o dentro da m\u00e9dia dos outros munic\u00edpios caririzeiros, inclusive tem munic\u00edpio que gasta bem mais de acordo com suas necessidades. \u201cLamento que a oposi\u00e7\u00e3o esteja pautada em fazer politicagem baixa e em nos caluniar, desrespeitando assim n\u00e3o s\u00f3 a n\u00f3s, mas a popula\u00e7\u00e3o pratense, principal destinat\u00e1ria dos servi\u00e7os prestados por nossa administra\u00e7\u00e3o\u201d, pontuou.<\/p>\n\n\n\n<p><strong>EFICI\u00caNCIA DE GASTOS<\/strong><\/p>\n\n\n\n<p>O TCE \u2013 Tribunal de Contas do Estado da Para\u00edba, possui um sistema de Acompanhamento da Efici\u00eancia dos Gastos com Combust\u00edveis, e coloca o munic\u00edpio de Prata em um ranking bem superior a outros munic\u00edpios paraibanos, posi\u00e7\u00e3o 101. O ranking do TCE demonstra que o munic\u00edpio de Prata est\u00e1 dentro dos padr\u00f5es, respeitando os gastos com combust\u00edveis.<\/p>\n\n\n\n<p><strong>Veja abaixo a tabela dispon\u00edvel no Sagres do TCE:<\/strong><\/p>\n\n\n\n<div class=\"wp-block-image\"><figure class=\"aligncenter\"><img decoding=\"async\" data-src=\"http:\/\/caririligado.com.br\/wp-content\/uploads\/2020\/04\/sagresprata-0-190x300.jpeg\" alt=\"\" class=\"wp-image-72526 lazyload\" src=\"data:image\/svg+xml;base64,PHN2ZyB3aWR0aD0iMSIgaGVpZ2h0PSIxIiB4bWxucz0iaHR0cDovL3d3dy53My5vcmcvMjAwMC9zdmciPjwvc3ZnPg==\" style=\"--smush-placeholder-width: 190px; --smush-placeholder-aspect-ratio: 190\/300;\" \/><\/figure><\/div>\n\n\n\n<div class=\"wp-block-image\"><figure class=\"aligncenter\"><a href=\"http:\/\/caririligado.com.br\/wp-content\/uploads\/2020\/04\/sagresprata-1.jpeg\"><img decoding=\"async\" data-src=\"http:\/\/caririligado.com.br\/wp-content\/uploads\/2020\/04\/sagresprata-1-226x300.jpeg\" alt=\"\" class=\"wp-image-72527 lazyload\" src=\"data:image\/svg+xml;base64,PHN2ZyB3aWR0aD0iMSIgaGVpZ2h0PSIxIiB4bWxucz0iaHR0cDovL3d3dy53My5vcmcvMjAwMC9zdmciPjwvc3ZnPg==\" style=\"--smush-placeholder-width: 226px; --smush-placeholder-aspect-ratio: 226\/300;\" \/><\/a><\/figure><\/div>\n\n\n\n<div class=\"wp-block-image\"><figure class=\"aligncenter\"><a href=\"http:\/\/caririligado.com.br\/wp-content\/uploads\/2020\/04\/sagresprata-3.jpeg\"><img decoding=\"async\" data-src=\"http:\/\/caririligado.com.br\/wp-content\/uploads\/2020\/04\/sagresprata-3-224x300.jpeg\" alt=\"\" class=\"wp-image-72528 lazyload\" src=\"data:image\/svg+xml;base64,PHN2ZyB3aWR0aD0iMSIgaGVpZ2h0PSIxIiB4bWxucz0iaHR0cDovL3d3dy53My5vcmcvMjAwMC9zdmciPjwvc3ZnPg==\" style=\"--smush-placeholder-width: 224px; --smush-placeholder-aspect-ratio: 224\/300;\" \/><\/a><\/figure><\/div>\n\n\n\n<p><\/p>\n","protected":false},"excerpt":{"rendered":"<p>A Prefeitura Municipal de Prata veio a p\u00fablico nesta quarta-feira (15), esclarecer uma den\u00fancia feita pelo grupo de oposi\u00e7\u00e3o com rela\u00e7\u00e3o a licita\u00e7\u00e3o com combust\u00edveis&hellip; <\/p>\n","protected":false},"author":2,"featured_media":164175,"comment_status":"closed","ping_status":"closed","sticky":false,"template":"","format":"standard","meta":{"sfsi_plus_gutenberg_text_before_share":"","sfsi_plus_gutenberg_show_text_before_share":"","sfsi_plus_gutenberg_icon_type":"","sfsi_plus_gutenberg_icon_alignemt":"","sfsi_plus_gutenburg_max_per_row":"","footnotes":""},"categories":[6],"tags":[],"class_list":["post-164174","post","type-post","status-publish","format-standard","has-post-thumbnail","hentry","category-cidades"],"_links":{"self":[{"href":"https:\/\/www.caririemacao.com\/1\/wp-json\/wp\/v2\/posts\/164174","targetHints":{"allow":["GET"]}}],"collection":[{"href":"https:\/\/www.caririemacao.com\/1\/wp-json\/wp\/v2\/posts"}],"about":[{"href":"https:\/\/www.caririemacao.com\/1\/wp-json\/wp\/v2\/types\/post"}],"author":[{"embeddable":true,"href":"https:\/\/www.caririemacao.com\/1\/wp-json\/wp\/v2\/users\/2"}],"replies":[{"embeddable":true,"href":"https:\/\/www.caririemacao.com\/1\/wp-json\/wp\/v2\/comments?post=164174"}],"version-history":[{"count":1,"href":"https:\/\/www.caririemacao.com\/1\/wp-json\/wp\/v2\/posts\/164174\/revisions"}],"predecessor-version":[{"id":164176,"href":"https:\/\/www.caririemacao.com\/1\/wp-json\/wp\/v2\/posts\/164174\/revisions\/164176"}],"wp:featuredmedia":[{"embeddable":true,"href":"https:\/\/www.caririemacao.com\/1\/wp-json\/wp\/v2\/media\/164175"}],"wp:attachment":[{"href":"https:\/\/www.caririemacao.com\/1\/wp-json\/wp\/v2\/media?parent=164174"}],"wp:term":[{"taxonomy":"category","embeddable":true,"href":"https:\/\/www.caririemacao.com\/1\/wp-json\/wp\/v2\/categories?post=164174"},{"taxonomy":"post_tag","embeddable":true,"href":"https:\/\/www.caririemacao.com\/1\/wp-json\/wp\/v2\/tags?post=164174"}],"curies":[{"name":"wp","href":"https:\/\/api.w.org\/{rel}","templated":true}]}}