{"id":164180,"date":"2020-04-16T06:45:04","date_gmt":"2020-04-16T09:45:04","guid":{"rendered":"http:\/\/www.caririemacao.com\/1\/?p=164180"},"modified":"2020-04-16T06:45:05","modified_gmt":"2020-04-16T09:45:05","slug":"mandetta-reafirma-so-tem-o-caminho-da-ciencia-a-oferecer","status":"publish","type":"post","link":"https:\/\/www.caririemacao.com\/1\/2020\/04\/16\/mandetta-reafirma-so-tem-o-caminho-da-ciencia-a-oferecer\/","title":{"rendered":"Mandetta reafirma: s\u00f3 tem o caminho da ci\u00eancia a oferecer"},"content":{"rendered":"\n<p>Em uma entrevista coletiva em tom de despedida, o ministro da Sa\u00fade, Luiz Henrique Mandetta, afirmou nesta quarta-feira (15), ao lado de sua equipe, que h\u00e1 um descompasso em rela\u00e7\u00e3o ao que defende o presidente Jair Bolsonaro e voltou a afirmar ter apenas o caminho da ci\u00eancia a oferecer.<\/p>\n\n\n\n<p>Na fala, realizada no Pal\u00e1cio do Planalto, ele disse que sua equipe entrou unida e sair\u00e1 unida, frisando desejar que quem quer que o substitua n\u00e3o se afaste do caminho da ci\u00eancia.<\/p>\n\n\n\n<p>Ao seu lado, estavam o secret\u00e1rio de vigil\u00e2ncia em sa\u00fade, Wanderson Oliveira, cujo pedido de demiss\u00e3o isolado foi rejeitado pelo ministro, e o secret\u00e1rio-executivo, Jo\u00e3o Gabbardo.<\/p>\n\n\n\n<p>\u201cEstamos aqui eu, Wanderson e Gabbardo. Entramos juntos, estamos juntos e sairemos do minist\u00e9rio juntos\u201d, disse Mandetta.<\/p>\n\n\n\n<p>O ministro refor\u00e7ou que n\u00e3o cogita neste momento pedir demiss\u00e3o de seu cargo, mas deixou claro que a sua sa\u00edda j\u00e1 est\u00e1 definida por Bolsonaro, afirmando, inclusive, que sondados para a sua vaga lhe fizeram consultas por telefone.<\/p>\n\n\n\n<p>Mandetta repetiu o discurso das tr\u00eas hip\u00f3teses que podem afast\u00e1-lo do minist\u00e9rio, entre elas a demiss\u00e3o.<\/p>\n\n\n\n<p>\u201cUma quando o presidente n\u00e3o quiser mais o meu trabalho. O segundo \u00e9, imagine, que eu pegue uma gripe dessa e tenha que ser afastado. E a terceira quando eu sentir que o trabalho feito j\u00e1 n\u00e3o \u00e9 mais necess\u00e1rio porque de alguma maneira passamos por esse estresse\u201d.<\/p>\n\n\n\n<p>\u201cTodas essas alternativas continuam e s\u00e3o v\u00e1lidas. Claramente h\u00e1 um descompasso entre o Minist\u00e9rio da Sa\u00fade, e isso da\u00ed a gente colocou, e deixa muito claro que a gente vai trabalhar at\u00e9 100% do limite das nossas possibilidades\u201d, completou.<\/p>\n\n\n\n<p>O ministro passa por um processo de fritura pelo presidente Jair Bolsonaro e avisou aliados que deve ser demitido no posto. Ele n\u00e3o disse na coletiva, no entanto, quando seu desligamento ocorrer\u00e1.<\/p>\n\n\n\n<p>Wanderson chegou a pedir demiss\u00e3o nesta quarta, mas Mandetta n\u00e3o aceitou. J\u00e1 Gabbardo era um dos nomes especulados como um poss\u00edvel substituto \u201ctamp\u00e3o\u201d para a chefia do minist\u00e9rio.<\/p>\n\n\n\n<p>Mandetta se referiu ao pedido de demiss\u00e3o de seu auxiliar. \u201c[Wanderson] mandou l\u00e1: \u2018Eu ia sair\u2019. Eu [disse] n\u00e3o aceito. Estamos aqui tudo junto e misturado ainda. Mais um pouco\u201d.<\/p>\n\n\n\n<p>Gabbardo, por sua vez, confirmou que pretende deixar a secretaria-executiva do minist\u00e9rio quando Mandetta sair da Esplanada. Ele ressaltou que aceitaria participar de um processo de transi\u00e7\u00e3o entre uma equipe e outra.<\/p>\n\n\n\n<p>\u201cEu tenho compromisso com o ministro Mandetta. Ele me convidou, o dia que ele sair eu saio junto. Eu entrei no Minist\u00e9rio da Sa\u00fade muito jovem, em 1981. Ano que vem completo 40 anos de minist\u00e9rio e eu n\u00e3o vou jogar no lixo esse meu patrim\u00f4nio\u201d, afirmou Gabbardo.<\/p>\n\n\n\n<p>Mandetta conduziu a entrevista coletiva desta quarta para ressaltar que tem respaldo da equipe t\u00e9cnica no Minist\u00e9rio da Sa\u00fade.<\/p>\n\n\n\n<p>Nesse sentido, ele se referiu a seus subordinados na pasta como \u201cfam\u00edlia\u201d.<\/p>\n\n\n\n<p>\u201cSabe como escolhi minha equipe? Foi pelo curr\u00edculo do que fez, depois foi olhando no olho. Hoje n\u00e3o \u00e9 uma equipe, \u00e9 uma fam\u00edlia\u201d, disse Mandetta.<\/p>\n\n\n\n<p>Bolsonaro tem ignorado orienta\u00e7\u00f5es sanit\u00e1rias, sem demonstrar preocupa\u00e7\u00e3o com a crise do coronav\u00edrus, e ao mesmo tempo pressiona governadores e prefeitos a abrandar a pol\u00edtica de isolamento social.<\/p>\n\n\n\n<p>J\u00e1 Mandetta \u00e9 cr\u00edtico da aglomera\u00e7\u00e3o de pessoas e defensor do isolamento horizontal, em linha com a OMS (Organiza\u00e7\u00e3o Mundial da Sa\u00fade) para evitar o cont\u00e1gio do novo coronav\u00edrus.<\/p>\n\n\n\n<p>Tamb\u00e9m na tarde desta quarta-feira Bolsonaro voltou a minimizar a gravidade da Covid-19, ao compartilhar em suas redes sociais uma tabela que mostra o Brasil com 7 mortes a cada 1 milh\u00e3o de habitantes, atr\u00e1s de pa\u00edses como Espanha, It\u00e1lia e Fran\u00e7a.<\/p>\n\n\n\n<p>Mandetta avisou sua equipe na noite desta ter\u00e7a-feira (14) que Bolsonaro j\u00e1 procura um nome para o seu lugar. O ministro conversou com integrantes da pasta em clima de despedida e avisou que combinou de esperar a escolha do substituto.<\/p>\n\n\n\n<p>Mandetta afirmou a interlocutores que cometeu um erro ao dar a entrevista ao Fant\u00e1stico no \u00faltimo domingo (12), com uma s\u00e9rie de cr\u00edticas indiretas a Bolsonaro, e reconheceu que, diante disso, seu cargo est\u00e1 novamente amea\u00e7ado.<\/p>\n\n\n\n<p>Depois de escapar na semana passada de uma demiss\u00e3o que muitos consideravam certa, o ministro foi avisado que sua sa\u00edda do governo federal voltou a ser uma possibilidade nos pr\u00f3ximos dias.<\/p>\n\n\n\n<p>Al\u00e9m da vis\u00edvel perda de sustenta\u00e7\u00e3o entre os militares, que consideraram o tom da entrevista um ato de insubordina\u00e7\u00e3o, Bolsonaro leva em conta que at\u00e9 mesmo alguns l\u00edderes do Congresso criticaram o tom adotado na entrevista do ministro.<\/p>\n\n\n\n<p>A falta de fortes mobiliza\u00e7\u00f5es nas redes sociais em defesa do titular da Sa\u00fade tamb\u00e9m foi lida pelo presidente como uma brecha para efetuar a demiss\u00e3o.<\/p>\n\n\n\n<p>Na entrevista \u00e0 TV Globo, Mandetta disse que a popula\u00e7\u00e3o n\u00e3o sabe se deve seguir as recomenda\u00e7\u00f5es do Minist\u00e9rio da Sa\u00fade (favor\u00e1vel ao isolamento social) ou de Bolsonaro (cr\u00edtico de medidas como o fechamento de com\u00e9rcios, por exemplo).<\/p>\n\n\n\n<p>O titular da Sa\u00fade tamb\u00e9m criticou quem rompe as regras de distanciamento para ir \u00e0 padaria, numa cr\u00edtica a Bolsonaro \u2013 o presidente foi na semana passada a um estabelecimento do tipo em Bras\u00edlia e consumiu alimentos no balc\u00e3o.<\/p>\n\n\n\n<p>Justamente essa insist\u00eancia em bater de frente com Bolsonaro custou a Mandetta o apoio da ala militar no Pal\u00e1cio do Planalto.<\/p>\n\n\n\n<p>A avalia\u00e7\u00e3o foi a de que o ministro desprezou o esfor\u00e7o do n\u00facleo militar para que ele fosse mantido no cargo e est\u00e1 preocupado apenas com a sua imagem p\u00fablica, em uma tentativa de se candidatar a governador de Mato Grosso do Sul em 2022 \u2013 Mandetta vinha dando seguidos sinais de enfrentamento ao presidente desde a amea\u00e7a de sua demiss\u00e3o na semana passada, sendo a entrevista o \u00faltimo deles.<\/p>\n\n\n\n<p>O descontentamento do grupo fardado ficou evidente nesta ter\u00e7a-feira (14) com uma declara\u00e7\u00e3o do vice-presidente, general Hamilton Mour\u00e3o. Em entrevista ao jornal O Estado de S. Paulo, Mour\u00e3o afirmou que o ministro da Sa\u00fade cometeu uma falta grave na fala \u00e0 TV Globo.<\/p>\n\n\n\n<p>\u201cCruzou a linha da bola, n\u00e3o precisava ter dito determinadas coisas\u201d, afirmou o vice. Mour\u00e3o, no entanto, avaliou que o melhor seria o presidente n\u00e3o demitir o auxiliar neste momento.<\/p>\n\n\n\n<p>Durante a segunda-feira, Mandetta conversou com aliados. Justificou que decidiu dar a entrevista porque ficou irritado com o comportamento de Bolsonaro no s\u00e1bado (11), durante uma visita a obras de um hospital de campanha em \u00c1guas Lindas de Goi\u00e1s (GO).<\/p>\n\n\n\n<p>Na ocasi\u00e3o, o mandat\u00e1rio mais uma vez ignorou orienta\u00e7\u00f5es das autoridades sanit\u00e1rias e promoveu aglomera\u00e7\u00f5es \u2013 o titular da Sa\u00fade acompanhou a cena de longe.<\/p>\n\n\n\n<p>Os interlocutores que conversaram com o ministro na segunda disseram que ele reafirmou que n\u00e3o pediria demiss\u00e3o, mas reconheceu que estava numa situa\u00e7\u00e3o de maior debilidade do que na semana passada.<\/p>\n\n\n\n<p>A rela\u00e7\u00e3o entre Bolsonaro e Mandetta nunca foi pr\u00f3xima, sempre foi protocolar. O ministro foi indicado ao cargo pelo governador de Goi\u00e1s, Ronaldo Caiado (DEM), aliado de primeira hora do presidente, mas hoje rompido com ele por diverg\u00eancias na conduta de combate ao coronav\u00edrus.<\/p>\n\n\n\n<p>Pela falta de afinidade com Mandetta, Bolsonaro chegou a cogitar a sua substitui\u00e7\u00e3o em setembro do ano passado, mas desistiu ao constatar que ele tinha amplo apoio junto ao setor da sa\u00fade.<\/p>\n\n\n\n<p>No in\u00edcio da pandemia do coronav\u00edrus, o presidente se queixou ao ministro de que ele deveria defender mais o governo e o repreendeu por ter participado de uma entrevista ao lado do governador de S\u00e3o Paulo, Jo\u00e3o Doria (PSDB), advers\u00e1rio pol\u00edtico de Bolsonaro.<\/p>\n\n\n\n<p>Mandetta modulou sua ret\u00f3rica e passou a pregar a import\u00e2ncia de a atividade econ\u00f4mica n\u00e3o parar. Ele, no entanto, n\u00e3o se dobrou \u00e0 press\u00e3o do presidente contra a medida de isolamento social, o que iniciou o embate entre ambos.<\/p>\n\n\n\n<p>A crise com Mandetta abalou Bolsonaro. Segundo assessores presidenciais, pela primeira vez desde que assumiu o cargo, o presidente receou estar perdendo capital pol\u00edtico ao constatar que parte da base bolsonarista nas redes sociais apoia o ministro. Nas \u00faltimas semanas, Bolsonaro chegou a afirmar que falta humildade a Mandetta e que ele extrapolou.<\/p>\n","protected":false},"excerpt":{"rendered":"<p>Em uma entrevista coletiva em tom de despedida, o ministro da Sa\u00fade, Luiz Henrique Mandetta, afirmou nesta quarta-feira (15), ao lado de sua equipe, que&hellip; <\/p>\n","protected":false},"author":2,"featured_media":164039,"comment_status":"closed","ping_status":"closed","sticky":false,"template":"","format":"standard","meta":{"sfsi_plus_gutenberg_text_before_share":"","sfsi_plus_gutenberg_show_text_before_share":"","sfsi_plus_gutenberg_icon_type":"","sfsi_plus_gutenberg_icon_alignemt":"","sfsi_plus_gutenburg_max_per_row":"","footnotes":""},"categories":[50,11],"tags":[],"class_list":["post-164180","post","type-post","status-publish","format-standard","has-post-thumbnail","hentry","category-destaque","category-politica"],"_links":{"self":[{"href":"https:\/\/www.caririemacao.com\/1\/wp-json\/wp\/v2\/posts\/164180","targetHints":{"allow":["GET"]}}],"collection":[{"href":"https:\/\/www.caririemacao.com\/1\/wp-json\/wp\/v2\/posts"}],"about":[{"href":"https:\/\/www.caririemacao.com\/1\/wp-json\/wp\/v2\/types\/post"}],"author":[{"embeddable":true,"href":"https:\/\/www.caririemacao.com\/1\/wp-json\/wp\/v2\/users\/2"}],"replies":[{"embeddable":true,"href":"https:\/\/www.caririemacao.com\/1\/wp-json\/wp\/v2\/comments?post=164180"}],"version-history":[{"count":1,"href":"https:\/\/www.caririemacao.com\/1\/wp-json\/wp\/v2\/posts\/164180\/revisions"}],"predecessor-version":[{"id":164181,"href":"https:\/\/www.caririemacao.com\/1\/wp-json\/wp\/v2\/posts\/164180\/revisions\/164181"}],"wp:featuredmedia":[{"embeddable":true,"href":"https:\/\/www.caririemacao.com\/1\/wp-json\/wp\/v2\/media\/164039"}],"wp:attachment":[{"href":"https:\/\/www.caririemacao.com\/1\/wp-json\/wp\/v2\/media?parent=164180"}],"wp:term":[{"taxonomy":"category","embeddable":true,"href":"https:\/\/www.caririemacao.com\/1\/wp-json\/wp\/v2\/categories?post=164180"},{"taxonomy":"post_tag","embeddable":true,"href":"https:\/\/www.caririemacao.com\/1\/wp-json\/wp\/v2\/tags?post=164180"}],"curies":[{"name":"wp","href":"https:\/\/api.w.org\/{rel}","templated":true}]}}