{"id":164194,"date":"2020-04-16T06:56:51","date_gmt":"2020-04-16T09:56:51","guid":{"rendered":"http:\/\/www.caririemacao.com\/1\/?p=164194"},"modified":"2020-04-16T06:56:53","modified_gmt":"2020-04-16T09:56:53","slug":"aumenta-o-numero-de-casos-de-covid-19-na-paraiba","status":"publish","type":"post","link":"https:\/\/www.caririemacao.com\/1\/2020\/04\/16\/aumenta-o-numero-de-casos-de-covid-19-na-paraiba\/","title":{"rendered":"Aumenta o n\u00famero de casos de Covid-19 na Para\u00edba"},"content":{"rendered":"\n<p>A Secretaria de Estado da Sa\u00fade divulgou o boletim de atualiza\u00e7\u00e3o da Covid-19, doen\u00e7a provocada pelo novo coronav\u00edrus, na Para\u00edba.<\/p>\n\n\n\n<p>Nesta quarta-feira (15), 13 novos casos foram confirmados e<a href=\"https:\/\/paraibaonline.com.br\/2020\/04\/paraiba-tem-o-segundo-maior-percentual-de-letalidade-por-coronavirus-do-pais\/\">&nbsp;tr\u00eas \u00f3bitos.<\/a><\/p>\n\n\n\n<p>Conforme a SES, dos 165 casos confirmados at\u00e9 hoje, 80 j\u00e1 se recuperaram, 24 foram a \u00f3bito e 15 est\u00e3o hospitalizados, quatro deles em leitos de UTI.<\/p>\n\n\n\n<p>Os demais se recuperam em isolamento domiciliar acompanhado pelas secretarias municipais de sa\u00fade.<\/p>\n\n\n\n<p>Os casos est\u00e3o distribu\u00eddos em 13 munic\u00edpios: Jo\u00e3o Pessoa (124), Santa Rita (14), Campina Grande (4), Cabedelo (6), Bayeux (4), Junco do Serid\u00f3 (3), Patos (4), Serra Branca (1), Sap\u00e9 (1), Sousa (1), Igaracy (1), Tapero\u00e1 (1) e S\u00e3o Jo\u00e3o do Rio do Peixe (1).<\/p>\n\n\n\n<p>Os tr\u00eas \u00f3bitos confirmados s\u00e3o:<\/p>\n\n\n\n<p>\u2013 Mulher, 85 anos, moradora de Jo\u00e3o Pessoa, portadora de comorbidades. Interna em unidade p\u00fablica vindo a \u00f3bito no dia 14 de abril;<\/p>\n\n\n\n<p>\u2013 Homem, 82 anos, residente em Jo\u00e3o Pessoa, portador de doen\u00e7a neurol\u00f3gica e comorbidades. \u00d3bito em resid\u00eancia no dia 14de abril;<\/p>\n\n\n\n<p>\u2013 Mulher, 84 anos, moradora de Sap\u00e9, portadora diabetes, hipertens\u00e3o, sequelas de AVC e problemas renais. Internada em hospital privado na capital e \u00f3bito ocorrido hoje (15 de abril).<\/p>\n\n\n\n<p>No momento, 81 pessoas est\u00e3o internadas com notifica\u00e7\u00e3o de suspeita para Covid-19, sendo 65 em enfermaria (43 em hospital p\u00fablico\/ 22 em hospital privado) e 16 na UTI (10 em hospital p\u00fablico\/ 6 em hospital privado).<\/p>\n\n\n\n<p>Os demais casos hospitalizados e com resultado n\u00e3o detect\u00e1vel seguem em investiga\u00e7\u00e3o para demais v\u00edrus.<br><\/p>\n","protected":false},"excerpt":{"rendered":"<p>A Secretaria de Estado da Sa\u00fade divulgou o boletim de atualiza\u00e7\u00e3o da Covid-19, doen\u00e7a provocada pelo novo coronav\u00edrus, na Para\u00edba. Nesta quarta-feira (15), 13 novos&hellip; <\/p>\n","protected":false},"author":2,"featured_media":164195,"comment_status":"closed","ping_status":"closed","sticky":false,"template":"","format":"standard","meta":{"sfsi_plus_gutenberg_text_before_share":"","sfsi_plus_gutenberg_show_text_before_share":"","sfsi_plus_gutenberg_icon_type":"","sfsi_plus_gutenberg_icon_alignemt":"","sfsi_plus_gutenburg_max_per_row":"","footnotes":""},"categories":[16],"tags":[],"class_list":["post-164194","post","type-post","status-publish","format-standard","has-post-thumbnail","hentry","category-saude"],"_links":{"self":[{"href":"https:\/\/www.caririemacao.com\/1\/wp-json\/wp\/v2\/posts\/164194","targetHints":{"allow":["GET"]}}],"collection":[{"href":"https:\/\/www.caririemacao.com\/1\/wp-json\/wp\/v2\/posts"}],"about":[{"href":"https:\/\/www.caririemacao.com\/1\/wp-json\/wp\/v2\/types\/post"}],"author":[{"embeddable":true,"href":"https:\/\/www.caririemacao.com\/1\/wp-json\/wp\/v2\/users\/2"}],"replies":[{"embeddable":true,"href":"https:\/\/www.caririemacao.com\/1\/wp-json\/wp\/v2\/comments?post=164194"}],"version-history":[{"count":1,"href":"https:\/\/www.caririemacao.com\/1\/wp-json\/wp\/v2\/posts\/164194\/revisions"}],"predecessor-version":[{"id":164196,"href":"https:\/\/www.caririemacao.com\/1\/wp-json\/wp\/v2\/posts\/164194\/revisions\/164196"}],"wp:featuredmedia":[{"embeddable":true,"href":"https:\/\/www.caririemacao.com\/1\/wp-json\/wp\/v2\/media\/164195"}],"wp:attachment":[{"href":"https:\/\/www.caririemacao.com\/1\/wp-json\/wp\/v2\/media?parent=164194"}],"wp:term":[{"taxonomy":"category","embeddable":true,"href":"https:\/\/www.caririemacao.com\/1\/wp-json\/wp\/v2\/categories?post=164194"},{"taxonomy":"post_tag","embeddable":true,"href":"https:\/\/www.caririemacao.com\/1\/wp-json\/wp\/v2\/tags?post=164194"}],"curies":[{"name":"wp","href":"https:\/\/api.w.org\/{rel}","templated":true}]}}