{"id":164203,"date":"2020-04-16T07:05:13","date_gmt":"2020-04-16T10:05:13","guid":{"rendered":"http:\/\/www.caririemacao.com\/1\/?p=164203"},"modified":"2020-04-16T07:05:15","modified_gmt":"2020-04-16T10:05:15","slug":"justica-suspende-exigencia-de-regularizacao-do-cpf-para-pessoa-receber-auxilio-de-r-600","status":"publish","type":"post","link":"https:\/\/www.caririemacao.com\/1\/2020\/04\/16\/justica-suspende-exigencia-de-regularizacao-do-cpf-para-pessoa-receber-auxilio-de-r-600\/","title":{"rendered":"Justi\u00e7a suspende exig\u00eancia de regulariza\u00e7\u00e3o do CPF para pessoa receber aux\u00edlio de R$ 600"},"content":{"rendered":"\n<p>O juiz federal Ilan Presser, do Tribunal Regional Federal da Primeira Regi\u00e3o (TRF-1), suspendeu nesta quarta-feira (15) a exig\u00eancia de regulariza\u00e7\u00e3o do Cadastro de Pessoa F\u00edsica (CPF) para que a pessoa possa receber o aux\u00edlio emergencial de R$ 600.<\/p>\n\n\n\n<p>A regulariza\u00e7\u00e3o do CPF \u00e9 uma das exig\u00eancias da Receita Federal para a pessoa receber o pagamento.<\/p>\n\n\n\n<p>O magistrado tomou a decis\u00e3o ao analisar uma a\u00e7\u00e3o apresentada pelo governo do Par\u00e1.<\/p>\n\n\n\n<p>&#8220;Defiro o pedido [&#8230;] para determinar a suspens\u00e3o imediata, em todo o territ\u00f3rio nacional, da exig\u00eancia da regulariza\u00e7\u00e3o de CPF junto \u00e0 Receita Federal, para fins de recebimento do aux\u00edlio emergencial&#8221;, escreveu o juiz na decis\u00e3o.<\/p>\n\n\n\n<p>&#8220;Comunique-se, via e-mail, ao sr. presidente da Caixa Econ\u00f4mica Federal e ao sr. secret\u00e1rio da Receita Federal, para fins de ci\u00eancia e cumprimento desta decis\u00e3o, adotando-se as medidas necess\u00e1rias para essa finalidade, no prazo de 48 (quarenta e oito) horas, sob pena de multa pecuni\u00e1ria, no valor de R$ 5.000,00 (cinco mil reais), por dia de atraso&#8221;, acrescentou.<\/p>\n\n\n\n<p>Aglomera\u00e7\u00f5es<br>Como mostrou a TV Globo, a dificuldade das pessoas de regularizar o CPF tem provocado filas em todo o pa\u00eds.<\/p>\n\n\n\n<p>Na decis\u00e3o, o magistrado afirmou que a forma\u00e7\u00e3o de fila provoca aglomera\u00e7\u00f5es e este tipo de situa\u00e7\u00e3o representa &#8220;manifesta contrariedade&#8221; \u00e0s medidas de distanciamento social, recomendadas pelas autoridades de sa\u00fade, entre as quais o Minist\u00e9rio da Sa\u00fade e a Organiza\u00e7\u00e3o Mundial de Sa\u00fade (OMS).<\/p>\n\n\n\n<p>&#8220;As aglomera\u00e7\u00f5es, com s\u00e9rios e graves riscos \u00e0 sa\u00fade p\u00fablica, continuam a se realizar, o que tem o cond\u00e3o de provocar o crescimento exponencial e acelerado da curva epid\u00eamica, para atender \u00e0 finalidade exigida pelo decreto regulamentar: de que sejam regularizadas as indigitadas pend\u00eancias alusivas aos CPFs dos benefici\u00e1rios junto \u00e0 Receita Federal&#8221;, escreveu.<\/p>\n","protected":false},"excerpt":{"rendered":"<p>O juiz federal Ilan Presser, do Tribunal Regional Federal da Primeira Regi\u00e3o (TRF-1), suspendeu nesta quarta-feira (15) a exig\u00eancia de regulariza\u00e7\u00e3o do Cadastro de Pessoa&hellip; <\/p>\n","protected":false},"author":2,"featured_media":164204,"comment_status":"closed","ping_status":"closed","sticky":false,"template":"","format":"standard","meta":{"sfsi_plus_gutenberg_text_before_share":"","sfsi_plus_gutenberg_show_text_before_share":"","sfsi_plus_gutenberg_icon_type":"","sfsi_plus_gutenberg_icon_alignemt":"","sfsi_plus_gutenburg_max_per_row":"","footnotes":""},"categories":[2],"tags":[],"class_list":["post-164203","post","type-post","status-publish","format-standard","has-post-thumbnail","hentry","category-geral"],"_links":{"self":[{"href":"https:\/\/www.caririemacao.com\/1\/wp-json\/wp\/v2\/posts\/164203","targetHints":{"allow":["GET"]}}],"collection":[{"href":"https:\/\/www.caririemacao.com\/1\/wp-json\/wp\/v2\/posts"}],"about":[{"href":"https:\/\/www.caririemacao.com\/1\/wp-json\/wp\/v2\/types\/post"}],"author":[{"embeddable":true,"href":"https:\/\/www.caririemacao.com\/1\/wp-json\/wp\/v2\/users\/2"}],"replies":[{"embeddable":true,"href":"https:\/\/www.caririemacao.com\/1\/wp-json\/wp\/v2\/comments?post=164203"}],"version-history":[{"count":1,"href":"https:\/\/www.caririemacao.com\/1\/wp-json\/wp\/v2\/posts\/164203\/revisions"}],"predecessor-version":[{"id":164205,"href":"https:\/\/www.caririemacao.com\/1\/wp-json\/wp\/v2\/posts\/164203\/revisions\/164205"}],"wp:featuredmedia":[{"embeddable":true,"href":"https:\/\/www.caririemacao.com\/1\/wp-json\/wp\/v2\/media\/164204"}],"wp:attachment":[{"href":"https:\/\/www.caririemacao.com\/1\/wp-json\/wp\/v2\/media?parent=164203"}],"wp:term":[{"taxonomy":"category","embeddable":true,"href":"https:\/\/www.caririemacao.com\/1\/wp-json\/wp\/v2\/categories?post=164203"},{"taxonomy":"post_tag","embeddable":true,"href":"https:\/\/www.caririemacao.com\/1\/wp-json\/wp\/v2\/tags?post=164203"}],"curies":[{"name":"wp","href":"https:\/\/api.w.org\/{rel}","templated":true}]}}