{"id":164210,"date":"2020-04-16T07:08:39","date_gmt":"2020-04-16T10:08:39","guid":{"rendered":"http:\/\/www.caririemacao.com\/1\/?p=164210"},"modified":"2020-04-16T07:08:40","modified_gmt":"2020-04-16T10:08:40","slug":"saude-recebe-doacoes-de-equipamentos-insumos-e-servicos-para-ajudar-no-combate-ao-coronavirus","status":"publish","type":"post","link":"https:\/\/www.caririemacao.com\/1\/2020\/04\/16\/saude-recebe-doacoes-de-equipamentos-insumos-e-servicos-para-ajudar-no-combate-ao-coronavirus\/","title":{"rendered":"Sa\u00fade recebe doa\u00e7\u00f5es de equipamentos, insumos e servi\u00e7os para ajudar no combate ao coronav\u00edrus"},"content":{"rendered":"\n<p>Secretaria de Estado da Sa\u00fade (SES) recebeu da Energisa, nesta quarta-feira (15) pela manh\u00e3, 690 m\u00e1scaras hospitalares N95 que ser\u00e3o destinadas para profissionais de sa\u00fade, principalmente dos servi\u00e7os que est\u00e3o sendo abertos para o combate do coronav\u00edrus. Al\u00e9m da empresa de energia el\u00e9trica, a SES tem recebido doa\u00e7\u00f5es de equipamentos, insumos e servi\u00e7os de v\u00e1rias empresas, institui\u00e7\u00f5es e de pessoas f\u00edsicas, com o objetivo de ajudar no combate \u00e0 Covid-19.<\/p>\n\n\n\n<p>\u201cIsso \u00e9 uma prova do comprometimento social dos segmentos econ\u00f4micos e de toda popula\u00e7\u00e3o. Estamos todos unidos, no sentido de vencer essa batalha contra o coronav\u00edrus\u201d, disse o secret\u00e1rio de Estado da Sa\u00fade, Geraldo Medeiros.&nbsp;<\/p>\n\n\n\n<p>O secret\u00e1rio destacou que as m\u00e1scaras doadas pela Energisa ser\u00e3o utilizadas por profissionais que atuam na UTI. \u201cElas s\u00e3o apropriadas para anestesistas que v\u00e3o entubar o paciente; para os m\u00e9dicos, da \u00e1rea vermelha; os fisioterapeutas e enfermeiros que v\u00e3o aspirar o doente. Ou seja, os profissionais que se submetem a uma carga viral extensa e podem ser contaminados\u201d, frisou.<\/p>\n\n\n\n<p>Para o coordenador de sa\u00fade e seguran\u00e7a da Energisa, Heitor Galdino, neste momento, o sentimento \u00e9 de colaborar com a causa. \u201cA ocasi\u00e3o pede coopera\u00e7\u00e3o com o trabalho da Secretaria e dos profissionais de sa\u00fade e \u00e9 o que a empresa est\u00e1 fazendo, contribuindo para as melhores condi\u00e7\u00f5es de trabalho, diminuindo o risco de contamina\u00e7\u00e3o\u201d, falou.<\/p>\n\n\n\n<p>Desde que a SES vem travando esta luta, junto a todos os estados brasileiros, vem recebendo doa\u00e7\u00f5es. O Minist\u00e9rio P\u00fablico, por meio do Grupo de Atua\u00e7\u00e3o Especial contra o Crime Organizado &#8211; Gaeco, doou 10 ventiladores pulmonares; o N\u00facleo de Tecnologias em Sa\u00fade, da UEPB, doou 13 mil protetores faciais, destinados a Rede Hospitalar e Ger\u00eancias Regionais; o Sind\u00e1lcool doou 34 mil 460 litros de \u00e1lcool a 70% , tamb\u00e9m para a Rede Hospitalar e Ger\u00eancias Regionais e a Caranguejo fez a doa\u00e7\u00e3o de 400 litros de \u00e1lcool a 70%, enviados para a Pol\u00edcia Militar.<\/p>\n\n\n\n<p>A UEPB doou ainda, junto com uma costura volunt\u00e1ria, 130 capotes (aventais) para a UPA de Princesa Isabel e o Hospital Regional de Pianc\u00f3; 102 unidades de m\u00e1scaras em tecido foram doadas pela costura volunt\u00e1ria de Ester tamb\u00e9m para a UPA de Princesa Isabel; a Diocese de Patos doou ao Hospital Infantil Noaldo Leite, 500 m\u00e1scaras cir\u00fargicas e o Engarrafamento Coroa doou 32 caixas de \u00e1lcool a 70% ao Hospital Infantil Noaldo Leite.<\/p>\n\n\n\n<p>O Hospital Distrital de Itaporanga recebeu v\u00e1rias doa\u00e7\u00f5es: a Primeira Igreja Batista doou 20 protetores faciais; 50 m\u00e1scaras cir\u00fargicas foram doadas pelo cirurgi\u00e3o dentista Jadson Greg\u00f3rio; o cirurgi\u00e3o dentista, Ka\u00edque Morais, doou 50 m\u00e1scaras cir\u00fargicas mais 01 caixa de luvas e mais 30 m\u00e1scaras cir\u00fargicas foram doadas pelo cirurgi\u00e3o dentista, Luciano Pires. A pediatra da unidade, Emanuele Claudino, doou 30 m\u00e1scaras cir\u00fargicas e a Empresa Assiste Cell doou 200 m\u00e1scaras de TNT.<\/p>\n\n\n\n<p>Para a Maternidade Peregrino Filho, de Patos, foram doadas 36 caixas de \u00e1lcool a 70% pelo Engarrafamento Coroa; 1000 unidades de m\u00e1scara cir\u00fargica, pela Diocese de Patos e 12 unidades de protetor facial foram doadas pelo Dr. Umberto Jouberth.&nbsp;<\/p>\n\n\n\n<p>Ainda foram doados 15 mil \u00e1lcool gel a 70%&nbsp; pela&nbsp; Ambev para a Rede Hospitalar do estado.<\/p>\n\n\n\n<p>Al\u00e9m das doa\u00e7\u00f5es de insumos, ainda h\u00e1 a oferta de servi\u00e7os volunt\u00e1rios. A Fiat Chrysler Autom\u00f3veis Brasil Ltda (FCA) e as demais empresas apoiadoras da a\u00e7\u00e3o de manuten\u00e7\u00e3o emergencial de respiradores para enfrentamento da pandemia por Coronav\u00edrus, oferecem aos hospitais e cl\u00ednicas a oportunidade para manuten\u00e7\u00e3o de seus ventiladores que se encontram sem condi\u00e7\u00f5es de uso por falhas operacionais.&nbsp;<\/p>\n\n\n\n<p>\u201cOs t\u00e9cnicos da Engenharia Cl\u00ednica, da SES, est\u00e3o viajando e visitando as unidades de sa\u00fade para recolher os ventiladores pulmonares quebrados para poder enviar para o conserto\u201d, disse a engenheira biom\u00e9dica, da SES, Juliana Coelho.&nbsp;<\/p>\n\n\n\n<p>No Hospital de Trauma de Campina Grande, h\u00e1 um ponto de recolhimento de ventiladores pulmonares de hospitais da Regi\u00e3o de Campina. Eles s\u00e3o consertados e s\u00f3 retornam para os munic\u00edpios depois que passar a pandemia. O conserto \u00e9 proporcionado pelo grupo \u201cS.O.S. Respiradores Campina Grande\u201d, formado por cerca de 120 pessoas, entre elas, empres\u00e1rios. O objetivo \u00e9 arrecadar dinheiro para consertar os ventiladores, al\u00e9m de ajudar na aquisi\u00e7\u00e3o de equipamentos e insumos.<\/p>\n","protected":false},"excerpt":{"rendered":"<p>Secretaria de Estado da Sa\u00fade (SES) recebeu da Energisa, nesta quarta-feira (15) pela manh\u00e3, 690 m\u00e1scaras hospitalares N95 que ser\u00e3o destinadas para profissionais de sa\u00fade,&hellip; <\/p>\n","protected":false},"author":2,"featured_media":164211,"comment_status":"closed","ping_status":"closed","sticky":false,"template":"","format":"standard","meta":{"sfsi_plus_gutenberg_text_before_share":"","sfsi_plus_gutenberg_show_text_before_share":"","sfsi_plus_gutenberg_icon_type":"","sfsi_plus_gutenberg_icon_alignemt":"","sfsi_plus_gutenburg_max_per_row":"","footnotes":""},"categories":[2],"tags":[],"class_list":["post-164210","post","type-post","status-publish","format-standard","has-post-thumbnail","hentry","category-geral"],"_links":{"self":[{"href":"https:\/\/www.caririemacao.com\/1\/wp-json\/wp\/v2\/posts\/164210","targetHints":{"allow":["GET"]}}],"collection":[{"href":"https:\/\/www.caririemacao.com\/1\/wp-json\/wp\/v2\/posts"}],"about":[{"href":"https:\/\/www.caririemacao.com\/1\/wp-json\/wp\/v2\/types\/post"}],"author":[{"embeddable":true,"href":"https:\/\/www.caririemacao.com\/1\/wp-json\/wp\/v2\/users\/2"}],"replies":[{"embeddable":true,"href":"https:\/\/www.caririemacao.com\/1\/wp-json\/wp\/v2\/comments?post=164210"}],"version-history":[{"count":1,"href":"https:\/\/www.caririemacao.com\/1\/wp-json\/wp\/v2\/posts\/164210\/revisions"}],"predecessor-version":[{"id":164212,"href":"https:\/\/www.caririemacao.com\/1\/wp-json\/wp\/v2\/posts\/164210\/revisions\/164212"}],"wp:featuredmedia":[{"embeddable":true,"href":"https:\/\/www.caririemacao.com\/1\/wp-json\/wp\/v2\/media\/164211"}],"wp:attachment":[{"href":"https:\/\/www.caririemacao.com\/1\/wp-json\/wp\/v2\/media?parent=164210"}],"wp:term":[{"taxonomy":"category","embeddable":true,"href":"https:\/\/www.caririemacao.com\/1\/wp-json\/wp\/v2\/categories?post=164210"},{"taxonomy":"post_tag","embeddable":true,"href":"https:\/\/www.caririemacao.com\/1\/wp-json\/wp\/v2\/tags?post=164210"}],"curies":[{"name":"wp","href":"https:\/\/api.w.org\/{rel}","templated":true}]}}