{"id":164213,"date":"2020-04-16T07:12:06","date_gmt":"2020-04-16T10:12:06","guid":{"rendered":"http:\/\/www.caririemacao.com\/1\/?p=164213"},"modified":"2020-04-16T07:12:09","modified_gmt":"2020-04-16T10:12:09","slug":"resultado-de-exame-de-dom-aldo-pagotto-da-positivo-para-covid-19","status":"publish","type":"post","link":"https:\/\/www.caririemacao.com\/1\/2020\/04\/16\/resultado-de-exame-de-dom-aldo-pagotto-da-positivo-para-covid-19\/","title":{"rendered":"Resultado de exame de Dom Aldo Pagotto d\u00e1 positivo para covid-19"},"content":{"rendered":"\n<p>A Assessoria da Arquidiocese de Fortaleza confirmou no in\u00edcio da noite desta quarta-feira&nbsp;(15) que o&nbsp;exame de Dom Aldo Pagotto deu positivo para a Covid-19. Desta forma, o corpo foi liberado e levado imediatamente para o&nbsp;<a href=\"https:\/\/www.clickpb.com.br\/brasil\/dom-aldo-sera-sepultado-em-mausoleu-da-igreja-na-qual-era-vigario-em-fortaleza-282224.html\">mausol\u00e9u localizado na Igreja Santu\u00e1rio de S\u00e3o Benedito, em Fortaleza<\/a>. Este procedimento&nbsp;<a href=\"https:\/\/www.clickpb.com.br\/religiao\/corpo-de-dom-aldo-pagotto-ficara-no-ceara-se-exame-confirmar-covid-19-282193.html\">segue as determina\u00e7\u00f5es das autoridades p\u00fablicas sanit\u00e1rias e de sa\u00fade<\/a>.<\/p>\n\n\n\n<p><strong>LEIA MAIS<\/strong>:&nbsp;<a href=\"https:\/\/www.clickpb.com.br\/brasil\/dom-aldo-sera-sepultado-em-mausoleu-da-igreja-na-qual-era-vigario-em-fortaleza-282224.html\">Dom Aldo ser\u00e1 sepultado em mausol\u00e9u da igreja na qual era Vig\u00e1rio, em Fortaleza<\/a><\/p>\n\n\n\n<p>O Arcebispo Em\u00e9rito da Para\u00edba, Dom Aldo di Cillo Pagotto, est\u00e1 enterrado no local citado e, assim que for poss\u00edvel, seus restos mortais ser\u00e3o trazidos para a Catedral Bas\u00edlica de Nossa Senhora das Neves, em Jo\u00e3o Pessoa, conforme foi explicado na Nota Oficial emitida pela Arquidiocese da Para\u00edba.<\/p>\n\n\n\n<p>O Arcebispo Em\u00e9rito da Para\u00edba&nbsp;<a href=\"https:\/\/www.clickpb.com.br\/brasil\/dom-aldo-pagotto-e-internado-com-sintomas-do-coronavirus-em-fortaleza-282133.html\">foi internado nesta ter\u00e7a-feira (14)<\/a>&nbsp;com sintomas de covid-19, em Fortaleza, no Cear\u00e1.&nbsp;<a href=\"https:\/\/www.clickpb.com.br\/brasil\/morre-dom-aldo-pagotto-arcebispo-emerito-da-paraiba-internado-com-sintomas-de-coronavirus-no-ceara-282143.html\">Ele morreu durante a tarde<\/a>, antes da confirma\u00e7\u00e3o dos exames. Devido ao alto n\u00edvel de cont\u00e1gio da doen\u00e7a, os ritos funer\u00e1rios normais ficam substitu\u00eddos pelas determina\u00e7\u00f5es das autoridades p\u00fablicas de sa\u00fade.<\/p>\n\n\n\n<figure class=\"wp-block-image\"><img decoding=\"async\" data-src=\"https:\/\/www.clickpb.com.br\/media\/filer_public\/1b\/c3\/1bc36317-25ed-4b85-8f5a-b0a32fd3e3d4\/whatsapp_image_2020-04-15_at_212502.jpeg\" alt=\"\" src=\"data:image\/svg+xml;base64,PHN2ZyB3aWR0aD0iMSIgaGVpZ2h0PSIxIiB4bWxucz0iaHR0cDovL3d3dy53My5vcmcvMjAwMC9zdmciPjwvc3ZnPg==\" class=\"lazyload\" \/><\/figure>\n","protected":false},"excerpt":{"rendered":"<p>A Assessoria da Arquidiocese de Fortaleza confirmou no in\u00edcio da noite desta quarta-feira&nbsp;(15) que o&nbsp;exame de Dom Aldo Pagotto deu positivo para a Covid-19. Desta&hellip; <\/p>\n","protected":false},"author":2,"featured_media":164214,"comment_status":"closed","ping_status":"closed","sticky":false,"template":"","format":"standard","meta":{"sfsi_plus_gutenberg_text_before_share":"","sfsi_plus_gutenberg_show_text_before_share":"","sfsi_plus_gutenberg_icon_type":"","sfsi_plus_gutenberg_icon_alignemt":"","sfsi_plus_gutenburg_max_per_row":"","footnotes":""},"categories":[2],"tags":[],"class_list":["post-164213","post","type-post","status-publish","format-standard","has-post-thumbnail","hentry","category-geral"],"_links":{"self":[{"href":"https:\/\/www.caririemacao.com\/1\/wp-json\/wp\/v2\/posts\/164213","targetHints":{"allow":["GET"]}}],"collection":[{"href":"https:\/\/www.caririemacao.com\/1\/wp-json\/wp\/v2\/posts"}],"about":[{"href":"https:\/\/www.caririemacao.com\/1\/wp-json\/wp\/v2\/types\/post"}],"author":[{"embeddable":true,"href":"https:\/\/www.caririemacao.com\/1\/wp-json\/wp\/v2\/users\/2"}],"replies":[{"embeddable":true,"href":"https:\/\/www.caririemacao.com\/1\/wp-json\/wp\/v2\/comments?post=164213"}],"version-history":[{"count":1,"href":"https:\/\/www.caririemacao.com\/1\/wp-json\/wp\/v2\/posts\/164213\/revisions"}],"predecessor-version":[{"id":164215,"href":"https:\/\/www.caririemacao.com\/1\/wp-json\/wp\/v2\/posts\/164213\/revisions\/164215"}],"wp:featuredmedia":[{"embeddable":true,"href":"https:\/\/www.caririemacao.com\/1\/wp-json\/wp\/v2\/media\/164214"}],"wp:attachment":[{"href":"https:\/\/www.caririemacao.com\/1\/wp-json\/wp\/v2\/media?parent=164213"}],"wp:term":[{"taxonomy":"category","embeddable":true,"href":"https:\/\/www.caririemacao.com\/1\/wp-json\/wp\/v2\/categories?post=164213"},{"taxonomy":"post_tag","embeddable":true,"href":"https:\/\/www.caririemacao.com\/1\/wp-json\/wp\/v2\/tags?post=164213"}],"curies":[{"name":"wp","href":"https:\/\/api.w.org\/{rel}","templated":true}]}}