{"id":164228,"date":"2020-04-16T07:51:23","date_gmt":"2020-04-16T10:51:23","guid":{"rendered":"http:\/\/www.caririemacao.com\/1\/?p=164228"},"modified":"2020-04-16T07:51:25","modified_gmt":"2020-04-16T10:51:25","slug":"decreto-de-joao-azevedo-mantera-igrejas-fechadas","status":"publish","type":"post","link":"https:\/\/www.caririemacao.com\/1\/2020\/04\/16\/decreto-de-joao-azevedo-mantera-igrejas-fechadas\/","title":{"rendered":"Decreto de Jo\u00e3o Azev\u00eado manter\u00e1 igrejas fechadas"},"content":{"rendered":"\n<p>A prorroga\u00e7\u00e3o do decreto do governador Jo\u00e3o Azev\u00eado que estende a quarentena na Para\u00edba manter\u00e1 as igrejas fechadas nos munic\u00edpios e regi\u00f5es com casos confirmados do novo coronav\u00edrus. O isolamento social ocorrer\u00e1, pelo menos, at\u00e9 o dia 3 de maio para tentar evitar novos casos da Covid-19.<\/p>\n\n\n\n<p>A Arquidiocese da Para\u00edba decidiu suspender missas com fi\u00e9is em igrejas no dia 19 de mar\u00e7o. As missas ocorrem com as portas das igrejas fechadas, s\u00e3o transmitidas on-line e os fi\u00e9is podem acompanhar pela internet. A medida afetou, inclusive, as celebra\u00e7\u00f5es da Semana Santa.<\/p>\n\n\n\n<p><strong>MaisPB<\/strong><\/p>\n\n\n\n<p><\/p>\n","protected":false},"excerpt":{"rendered":"<p>A prorroga\u00e7\u00e3o do decreto do governador Jo\u00e3o Azev\u00eado que estende a quarentena na Para\u00edba manter\u00e1 as igrejas fechadas nos munic\u00edpios e regi\u00f5es com casos confirmados&hellip; <\/p>\n","protected":false},"author":2,"featured_media":164229,"comment_status":"closed","ping_status":"closed","sticky":false,"template":"","format":"standard","meta":{"sfsi_plus_gutenberg_text_before_share":"","sfsi_plus_gutenberg_show_text_before_share":"","sfsi_plus_gutenberg_icon_type":"","sfsi_plus_gutenberg_icon_alignemt":"","sfsi_plus_gutenburg_max_per_row":"","footnotes":""},"categories":[2],"tags":[],"class_list":["post-164228","post","type-post","status-publish","format-standard","has-post-thumbnail","hentry","category-geral"],"_links":{"self":[{"href":"https:\/\/www.caririemacao.com\/1\/wp-json\/wp\/v2\/posts\/164228","targetHints":{"allow":["GET"]}}],"collection":[{"href":"https:\/\/www.caririemacao.com\/1\/wp-json\/wp\/v2\/posts"}],"about":[{"href":"https:\/\/www.caririemacao.com\/1\/wp-json\/wp\/v2\/types\/post"}],"author":[{"embeddable":true,"href":"https:\/\/www.caririemacao.com\/1\/wp-json\/wp\/v2\/users\/2"}],"replies":[{"embeddable":true,"href":"https:\/\/www.caririemacao.com\/1\/wp-json\/wp\/v2\/comments?post=164228"}],"version-history":[{"count":1,"href":"https:\/\/www.caririemacao.com\/1\/wp-json\/wp\/v2\/posts\/164228\/revisions"}],"predecessor-version":[{"id":164230,"href":"https:\/\/www.caririemacao.com\/1\/wp-json\/wp\/v2\/posts\/164228\/revisions\/164230"}],"wp:featuredmedia":[{"embeddable":true,"href":"https:\/\/www.caririemacao.com\/1\/wp-json\/wp\/v2\/media\/164229"}],"wp:attachment":[{"href":"https:\/\/www.caririemacao.com\/1\/wp-json\/wp\/v2\/media?parent=164228"}],"wp:term":[{"taxonomy":"category","embeddable":true,"href":"https:\/\/www.caririemacao.com\/1\/wp-json\/wp\/v2\/categories?post=164228"},{"taxonomy":"post_tag","embeddable":true,"href":"https:\/\/www.caririemacao.com\/1\/wp-json\/wp\/v2\/tags?post=164228"}],"curies":[{"name":"wp","href":"https:\/\/api.w.org\/{rel}","templated":true}]}}