{"id":164231,"date":"2020-04-16T07:54:24","date_gmt":"2020-04-16T10:54:24","guid":{"rendered":"http:\/\/www.caririemacao.com\/1\/?p=164231"},"modified":"2020-04-16T07:54:27","modified_gmt":"2020-04-16T10:54:27","slug":"stf-mantem-autonomia-sobre-isolamento","status":"publish","type":"post","link":"https:\/\/www.caririemacao.com\/1\/2020\/04\/16\/stf-mantem-autonomia-sobre-isolamento\/","title":{"rendered":"STF mant\u00e9m autonomia sobre isolamento"},"content":{"rendered":"\n<p>O Supremo Tribunal Federal (STF) decidiu hoje (15) que estados e munic\u00edpios podem tomar as medidas que acharem necess\u00e1rias para combater o novo coronav\u00edrus, como isolamento social, fechamento do com\u00e9rcio e outras restri\u00e7\u00f5es.<\/p>\n\n\n\n<p>Com a decis\u00e3o, os governadores e prefeitos tamb\u00e9m poder\u00e3o definir os servi\u00e7os essenciais que podem funcionar durante o per\u00edodo da pandemia. Antes, somente um decreto do presidente Jair Bolsonaro poderia fazer a defini\u00e7\u00e3o.<\/p>\n\n\n\n<p>Por maioria de votos, o plen\u00e1rio referendou liminar proferida no m\u00eas passado pelo ministro Marco Aur\u00e9lio, relator do caso, considerando que os governos federal, estadual e municipal tem compet\u00eancia concorrente para estabelecer medidas na \u00e1rea da Sa\u00fade.<\/p>\n\n\n\n<p>O caso foi julgado pelo Supremo a partir de uma a\u00e7\u00e3o protocolada pelo PDT. O partido alegou que a Medida Provis\u00f3ria (MP) 926\/2020, editada pelo presidente, \u00e9 inconstitucional.<\/p>\n\n\n\n<p>Pelo texto da norma, autoridades poder\u00e3o adotar restri\u00e7\u00f5es excepcionais e tempor\u00e1rias durante a pandemia,conforme recomenda\u00e7\u00e3o t\u00e9cnica da Ag\u00eancia Nacional de Vigil\u00e2ncia Sanit\u00e1ria (Anvisa). Dessa forma, segundo a legenda, os entes federados dependeriam do aval de legisla\u00e7\u00e3o federal para estabelecer as medidas.<\/p>\n\n\n\n<figure><iframe data-src=\"https:\/\/tpc.googlesyndication.com\/safeframe\/1-0-37\/html\/container.html\" width=\"1\" height=\"1\" src=\"data:image\/svg+xml;base64,PHN2ZyB3aWR0aD0iMSIgaGVpZ2h0PSIxIiB4bWxucz0iaHR0cDovL3d3dy53My5vcmcvMjAwMC9zdmciPjwvc3ZnPg==\" class=\"lazyload\" data-load-mode=\"1\"><\/iframe><\/figure>\n\n\n\n<p><strong>Votos<\/strong><\/p>\n\n\n\n<p>No in\u00edcio da sess\u00e3o, o ministro Marco Aur\u00e9lio reafirmou seu voto e disse que a Constitui\u00e7\u00e3o definiu que a Uni\u00e3o, os estados e munc\u00edpios podem editar medidas em defesa da sa\u00fade e sem o aval da Uni\u00e3o.<\/p>\n\n\n\n<p>Em seguida, Alexandre de Moraes afirmou que os governos federal, estadual e municipal devem atuar de forma coordenada para reduzir os efeitos da pandemia, mas dentro de suas compet\u00eancias.<\/p>\n\n\n\n<p>De acordo com Moraes, um governador n\u00e3o pode determinar o fechamento de um aeroporto internacional, gerido pela Uni\u00e3o, ou de rodovias essenciais ao abastecimento, e o governo federal n\u00e3o estabelecer medidas para fechar bares e restaurantes locais, por exemplo.<\/p>\n\n\n\n<p>\u201cA gravidade da crise n\u00e3o permite o desrespeito da Constitui\u00e7\u00e3o. Na crise \u00e9 que as normas constitucionais devem ser ser respeitadas, na crise \u00e9 que a Constitui\u00e7\u00e3o guia aos lideres pol\u00edticos para que ajam com integra\u00e7\u00e3o\u201d, disse.<\/p>\n\n\n\n<p><br>O entendimento tamb\u00e9m foi seguido pelos ministros Edson Fachin, Rosa Weber, Luiz Fux, C\u00e1rmen Lucia, Ricardo Lewandowski, Gilmar Mendes e o presidente, Dias Toffoli.<\/p>\n\n\n\n<p>Durante o julgamento, o advogado-geral da Uni\u00e3o, Andr\u00e9 Mendon\u00e7a, disse que o pa\u00eds n\u00e3o vive somente uma crise de saude, mas uma crise interdisciplinar que afeta v\u00e1rias \u00e1reas.<\/p>\n\n\n\n<p>Segundo Mendon\u00e7a, as recomenda\u00e7\u00f5es sanit\u00e1rias do Minist\u00e9rio da Sa\u00fade para enfrentamento \u00e0 covid-19 devem ser seguidas, mas decis\u00f5es isoladas de estados e munic\u00edpios, fechando estradas e proibindo a explora\u00e7\u00e3o de petr\u00f3leo, por exemplo, provocaram o caos e afetaram os servi\u00e7os essenciais.<\/p>\n\n\n\n<p>\u201cO que tem acontecido na pr\u00e1tica \u00e9 um caos jur\u00eddico, decis\u00f5es isoladas de munic\u00edpios e estados\u201d, afirmou.<\/p>\n\n\n\n<p><strong>Ag\u00eancia Brasil&nbsp;<\/strong><\/p>\n\n\n\n<p><\/p>\n","protected":false},"excerpt":{"rendered":"<p>O Supremo Tribunal Federal (STF) decidiu hoje (15) que estados e munic\u00edpios podem tomar as medidas que acharem necess\u00e1rias para combater o novo coronav\u00edrus, como&hellip; <\/p>\n","protected":false},"author":2,"featured_media":164232,"comment_status":"closed","ping_status":"closed","sticky":false,"template":"","format":"standard","meta":{"sfsi_plus_gutenberg_text_before_share":"","sfsi_plus_gutenberg_show_text_before_share":"","sfsi_plus_gutenberg_icon_type":"","sfsi_plus_gutenberg_icon_alignemt":"","sfsi_plus_gutenburg_max_per_row":"","footnotes":""},"categories":[2],"tags":[],"class_list":["post-164231","post","type-post","status-publish","format-standard","has-post-thumbnail","hentry","category-geral"],"_links":{"self":[{"href":"https:\/\/www.caririemacao.com\/1\/wp-json\/wp\/v2\/posts\/164231","targetHints":{"allow":["GET"]}}],"collection":[{"href":"https:\/\/www.caririemacao.com\/1\/wp-json\/wp\/v2\/posts"}],"about":[{"href":"https:\/\/www.caririemacao.com\/1\/wp-json\/wp\/v2\/types\/post"}],"author":[{"embeddable":true,"href":"https:\/\/www.caririemacao.com\/1\/wp-json\/wp\/v2\/users\/2"}],"replies":[{"embeddable":true,"href":"https:\/\/www.caririemacao.com\/1\/wp-json\/wp\/v2\/comments?post=164231"}],"version-history":[{"count":1,"href":"https:\/\/www.caririemacao.com\/1\/wp-json\/wp\/v2\/posts\/164231\/revisions"}],"predecessor-version":[{"id":164233,"href":"https:\/\/www.caririemacao.com\/1\/wp-json\/wp\/v2\/posts\/164231\/revisions\/164233"}],"wp:featuredmedia":[{"embeddable":true,"href":"https:\/\/www.caririemacao.com\/1\/wp-json\/wp\/v2\/media\/164232"}],"wp:attachment":[{"href":"https:\/\/www.caririemacao.com\/1\/wp-json\/wp\/v2\/media?parent=164231"}],"wp:term":[{"taxonomy":"category","embeddable":true,"href":"https:\/\/www.caririemacao.com\/1\/wp-json\/wp\/v2\/categories?post=164231"},{"taxonomy":"post_tag","embeddable":true,"href":"https:\/\/www.caririemacao.com\/1\/wp-json\/wp\/v2\/tags?post=164231"}],"curies":[{"name":"wp","href":"https:\/\/api.w.org\/{rel}","templated":true}]}}