{"id":164239,"date":"2020-04-16T08:00:12","date_gmt":"2020-04-16T11:00:12","guid":{"rendered":"http:\/\/www.caririemacao.com\/1\/?p=164239"},"modified":"2020-04-16T08:00:14","modified_gmt":"2020-04-16T11:00:14","slug":"bebe-que-morreu-por-covid-19-em-taperoa-teve-velorio-com-caixao-aberto-secretaria-de-saude-vai-monitorar-todos-os-familiares","status":"publish","type":"post","link":"https:\/\/www.caririemacao.com\/1\/2020\/04\/16\/bebe-que-morreu-por-covid-19-em-taperoa-teve-velorio-com-caixao-aberto-secretaria-de-saude-vai-monitorar-todos-os-familiares\/","title":{"rendered":"Beb\u00ea que morreu por Covid-19 em Tapero\u00e1 teve vel\u00f3rio com caix\u00e3o aberto; Secretaria de Sa\u00fade vai monitorar todos os familiares"},"content":{"rendered":"\n<p>A beb\u00ea de 4 meses que morreu devido \u00e0 Covid-19 no \u00faltimo s\u00e1bado (11)&nbsp;foi velado com o caix\u00e3o aberto em uma cerim\u00f4nia dentro de casa, aberta para familiares, de acordo com a Prefeitura de Tapero\u00e1, munic\u00edpio do Cariri paraibano. O diagn\u00f3stico positivo para coronav\u00edrus da beb\u00ea, no entanto, s\u00f3 foi confirmado nesta ter\u00e7a-feira (14). A cidade est\u00e1 com quatro casos de infec\u00e7\u00e3o pelo novo coronav\u00edrus sob suspeita, segundo a prefeitura.<\/p>\n\n\n\n<p>A crian\u00e7a morreu ap\u00f3s dar entrada no Hospital Geral de Tapero\u00e1 ainda no s\u00e1bado com sintomas de Covid-19, segundo a dire\u00e7\u00e3o da unidade hospitalar. Como o quadro de sa\u00fade dela piorou, a menina precisou ser entubada, mas n\u00e3o resistiu e morreu no mesmo dia.<\/p>\n\n\n\n<p>Segundo a Prefeitura, foi recomendado aos pais n\u00e3o realizar vel\u00f3rio e entrar em isolamento social, por\u00e9m, foi verificado que o corpo da beb\u00ea foi velado com caix\u00e3o aberto e enterrado em um cemit\u00e9rio da cidade.<\/p>\n\n\n\n<p>A Secretaria Municipal de Sa\u00fade tamb\u00e9m declarou que os pais da crian\u00e7a est\u00e3o assintom\u00e1ticos e que a irm\u00e3 da paciente, de 3 anos, passou por teste r\u00e1pido e o resultado foi negativo para coronav\u00edrus, mas que a fam\u00edlia est\u00e1 sendo monitorada.<\/p>\n\n\n\n<p>Al\u00e9m dos parentes de primeiro grau, a Prefeitura tamb\u00e9m est\u00e1 investigando que outros familiares compareceram ao vel\u00f3rio para tamb\u00e9m serem monitorados.<\/p>\n\n\n\n<p><strong>CORPOS DEVEM SER CREMADOS OU SEPULTADOS SEM VEL\u00d3RIO<\/strong><\/p>\n\n\n\n<p>Segundo determina\u00e7\u00e3o da Ag\u00eancia Estadual de Vigil\u00e2ncia Sanit\u00e1ria (Agevisa), os&nbsp;corpos de pessoas que morreram por Covid-19 devem ser cremados ou sepultados sem a realiza\u00e7\u00e3o de vel\u00f3rio, na Para\u00edba. A decis\u00e3o foi tomada para evitar novas poss\u00edveis infec\u00e7\u00f5es.<\/p>\n\n\n\n<p>Ap\u00f3s a confirma\u00e7\u00e3o do falecimento de pessoa infectada ou com suspeita de infec\u00e7\u00e3o por Covid-19, o corpo dever\u00e1 ser transferido do leito, sala ou espa\u00e7o de isolamento, para o necrot\u00e9rio no menor tempo poss\u00edvel. S\u00f3 ser\u00e1 permitida a presen\u00e7a de profissionais estritamente necess\u00e1rios e que estejam protegidos por equipamentos de prote\u00e7\u00e3o individual (EPIs).<\/p>\n\n\n\n<p>Para \u00e0 fam\u00edlia do paciente, \u00e9 dada a permiss\u00e3o de optar pela crema\u00e7\u00e3o do corpo ou pelo enterro em caix\u00e3o lacrado, sem vel\u00f3rio, no prazo m\u00e1ximo de 24 horas ap\u00f3s a morte.<\/p>\n\n\n\n<p>A despedida poder\u00e1 ser realizada pelos familiares, em ambiente aberto, no local do sepultamento, com o prazo m\u00e1ximo de 30 minutos e sem contato com a urna mortu\u00e1ria. O caix\u00e3o deve ser mantido fechado durante o funeral, para evitar contato f\u00edsico com o corpo.<\/p>\n\n\n\n<p>G1 PB<\/p>\n","protected":false},"excerpt":{"rendered":"<p>A beb\u00ea de 4 meses que morreu devido \u00e0 Covid-19 no \u00faltimo s\u00e1bado (11)&nbsp;foi velado com o caix\u00e3o aberto em uma cerim\u00f4nia dentro de casa,&hellip; <\/p>\n","protected":false},"author":2,"featured_media":164240,"comment_status":"closed","ping_status":"closed","sticky":false,"template":"","format":"standard","meta":{"sfsi_plus_gutenberg_text_before_share":"","sfsi_plus_gutenberg_show_text_before_share":"","sfsi_plus_gutenberg_icon_type":"","sfsi_plus_gutenberg_icon_alignemt":"","sfsi_plus_gutenburg_max_per_row":"","footnotes":""},"categories":[16],"tags":[],"class_list":["post-164239","post","type-post","status-publish","format-standard","has-post-thumbnail","hentry","category-saude"],"_links":{"self":[{"href":"https:\/\/www.caririemacao.com\/1\/wp-json\/wp\/v2\/posts\/164239","targetHints":{"allow":["GET"]}}],"collection":[{"href":"https:\/\/www.caririemacao.com\/1\/wp-json\/wp\/v2\/posts"}],"about":[{"href":"https:\/\/www.caririemacao.com\/1\/wp-json\/wp\/v2\/types\/post"}],"author":[{"embeddable":true,"href":"https:\/\/www.caririemacao.com\/1\/wp-json\/wp\/v2\/users\/2"}],"replies":[{"embeddable":true,"href":"https:\/\/www.caririemacao.com\/1\/wp-json\/wp\/v2\/comments?post=164239"}],"version-history":[{"count":1,"href":"https:\/\/www.caririemacao.com\/1\/wp-json\/wp\/v2\/posts\/164239\/revisions"}],"predecessor-version":[{"id":164241,"href":"https:\/\/www.caririemacao.com\/1\/wp-json\/wp\/v2\/posts\/164239\/revisions\/164241"}],"wp:featuredmedia":[{"embeddable":true,"href":"https:\/\/www.caririemacao.com\/1\/wp-json\/wp\/v2\/media\/164240"}],"wp:attachment":[{"href":"https:\/\/www.caririemacao.com\/1\/wp-json\/wp\/v2\/media?parent=164239"}],"wp:term":[{"taxonomy":"category","embeddable":true,"href":"https:\/\/www.caririemacao.com\/1\/wp-json\/wp\/v2\/categories?post=164239"},{"taxonomy":"post_tag","embeddable":true,"href":"https:\/\/www.caririemacao.com\/1\/wp-json\/wp\/v2\/tags?post=164239"}],"curies":[{"name":"wp","href":"https:\/\/api.w.org\/{rel}","templated":true}]}}