{"id":164243,"date":"2020-04-16T08:01:22","date_gmt":"2020-04-16T11:01:22","guid":{"rendered":"http:\/\/www.caririemacao.com\/1\/?p=164243"},"modified":"2020-04-16T08:01:24","modified_gmt":"2020-04-16T11:01:24","slug":"pm-prende-suspeito-de-esfaquear-jovem-e-apreende-arma-usada-no-crime-na-regiao-do-cariri","status":"publish","type":"post","link":"https:\/\/www.caririemacao.com\/1\/2020\/04\/16\/pm-prende-suspeito-de-esfaquear-jovem-e-apreende-arma-usada-no-crime-na-regiao-do-cariri\/","title":{"rendered":"PM prende suspeito de esfaquear jovem e apreende arma usada no crime na regi\u00e3o do Cariri"},"content":{"rendered":"\n<p>Na manh\u00e3 desta quarta-feira(15) uma guarni\u00e7\u00e3o da Pol\u00edcia Militar prendeu em flagrante um homem suspeito de esfaquear uma jovem de 18 anos, na Vila Santa Maria, no munic\u00edpio de Monteiro, Cariri da Para\u00edba. Al\u00e9m da faca usada no crime, a pol\u00edcia apreendeu tamb\u00e9m uma espingarda com o suspeito.<\/p>\n\n\n\n<p>A pris\u00e3o do homem foi realizada pelos policiais do 11\u00ba Batalh\u00e3o, que, ap\u00f3s serem informados pelo Centro de Opera\u00e7\u00f5es Policiais Militares (COPM) sobre o caso, fizeram buscas na localidade at\u00e9 encontrar o suspeito.<\/p>\n\n\n\n<p>O homem estava escondido na casa da m\u00e3e, onde foram apreendidas a faca e a espingarda.<\/p>\n\n\n\n<p>O preso tem 51 anos e o motivo do crime ainda ser\u00e1 investigado, j\u00e1 que ele n\u00e3o possui nenhum v\u00ednculo com a v\u00edtima. O suspeito foi encaminhado at\u00e9 a delegacia de Pol\u00edcia Civil de Monteiro, onde ser\u00e3o tomadas as medidas cab\u00edveis.<\/p>\n","protected":false},"excerpt":{"rendered":"<p>Na manh\u00e3 desta quarta-feira(15) uma guarni\u00e7\u00e3o da Pol\u00edcia Militar prendeu em flagrante um homem suspeito de esfaquear uma jovem de 18 anos, na Vila Santa&hellip; <\/p>\n","protected":false},"author":2,"featured_media":164244,"comment_status":"closed","ping_status":"closed","sticky":false,"template":"","format":"standard","meta":{"sfsi_plus_gutenberg_text_before_share":"","sfsi_plus_gutenberg_show_text_before_share":"","sfsi_plus_gutenberg_icon_type":"","sfsi_plus_gutenberg_icon_alignemt":"","sfsi_plus_gutenburg_max_per_row":"","footnotes":""},"categories":[2],"tags":[],"class_list":["post-164243","post","type-post","status-publish","format-standard","has-post-thumbnail","hentry","category-geral"],"_links":{"self":[{"href":"https:\/\/www.caririemacao.com\/1\/wp-json\/wp\/v2\/posts\/164243","targetHints":{"allow":["GET"]}}],"collection":[{"href":"https:\/\/www.caririemacao.com\/1\/wp-json\/wp\/v2\/posts"}],"about":[{"href":"https:\/\/www.caririemacao.com\/1\/wp-json\/wp\/v2\/types\/post"}],"author":[{"embeddable":true,"href":"https:\/\/www.caririemacao.com\/1\/wp-json\/wp\/v2\/users\/2"}],"replies":[{"embeddable":true,"href":"https:\/\/www.caririemacao.com\/1\/wp-json\/wp\/v2\/comments?post=164243"}],"version-history":[{"count":1,"href":"https:\/\/www.caririemacao.com\/1\/wp-json\/wp\/v2\/posts\/164243\/revisions"}],"predecessor-version":[{"id":164245,"href":"https:\/\/www.caririemacao.com\/1\/wp-json\/wp\/v2\/posts\/164243\/revisions\/164245"}],"wp:featuredmedia":[{"embeddable":true,"href":"https:\/\/www.caririemacao.com\/1\/wp-json\/wp\/v2\/media\/164244"}],"wp:attachment":[{"href":"https:\/\/www.caririemacao.com\/1\/wp-json\/wp\/v2\/media?parent=164243"}],"wp:term":[{"taxonomy":"category","embeddable":true,"href":"https:\/\/www.caririemacao.com\/1\/wp-json\/wp\/v2\/categories?post=164243"},{"taxonomy":"post_tag","embeddable":true,"href":"https:\/\/www.caririemacao.com\/1\/wp-json\/wp\/v2\/tags?post=164243"}],"curies":[{"name":"wp","href":"https:\/\/api.w.org\/{rel}","templated":true}]}}