{"id":164247,"date":"2020-04-16T08:08:36","date_gmt":"2020-04-16T11:08:36","guid":{"rendered":"http:\/\/www.caririemacao.com\/1\/?p=164247"},"modified":"2020-04-16T10:34:50","modified_gmt":"2020-04-16T13:34:50","slug":"irmao-de-prefeita-paraibana-mata-cunhado-e-depois-tira-a-propria-vida","status":"publish","type":"post","link":"https:\/\/www.caririemacao.com\/1\/2020\/04\/16\/irmao-de-prefeita-paraibana-mata-cunhado-e-depois-tira-a-propria-vida\/","title":{"rendered":"Irm\u00e3o de prefeita paraibana mata cunhado e depois tira a pr\u00f3pria vida"},"content":{"rendered":"\n<p>Um homic\u00eddio seguido de suic\u00eddio foi registrado nesta quarta-feira, 15, na cidade de Riach\u00e3o do Po\u00e7o, situada a 60 quil\u00f4metros de dist\u00e2ncia da capital Jo\u00e3o Pessoa.<\/p>\n\n\n\n<p>O homem era irm\u00e3o da prefeita da cidade, Maria Auxiliadora Dias do Rego, e cometeu o crime dentro da casa da gestora no in\u00edcio da tarde de hoje.<\/p>\n\n\n\n<p>De acordo com informa\u00e7\u00f5es preliminares da Pol\u00edcia Militar, o irm\u00e3o da prefeita discutiu com o cunhado devido a um desacordo de motiva\u00e7\u00e3o financeira e efetuou disparos contra a v\u00edtima. Depois atirou contra si mesmo.<\/p>\n\n\n\n<p>A Pol\u00edcia est\u00e1 investigando o caso. Mais informa\u00e7\u00f5es ao longo do dia.<\/p>\n\n\n\n<p>PB online<\/p>\n","protected":false},"excerpt":{"rendered":"<p>Um homic\u00eddio seguido de suic\u00eddio foi registrado nesta quarta-feira, 15, na cidade de Riach\u00e3o do Po\u00e7o, situada a 60 quil\u00f4metros de dist\u00e2ncia da capital Jo\u00e3o&hellip; <\/p>\n","protected":false},"author":2,"featured_media":164248,"comment_status":"closed","ping_status":"closed","sticky":false,"template":"","format":"standard","meta":{"sfsi_plus_gutenberg_text_before_share":"","sfsi_plus_gutenberg_show_text_before_share":"","sfsi_plus_gutenberg_icon_type":"","sfsi_plus_gutenberg_icon_alignemt":"","sfsi_plus_gutenburg_max_per_row":"","footnotes":""},"categories":[12],"tags":[],"class_list":["post-164247","post","type-post","status-publish","format-standard","has-post-thumbnail","hentry","category-policia"],"_links":{"self":[{"href":"https:\/\/www.caririemacao.com\/1\/wp-json\/wp\/v2\/posts\/164247","targetHints":{"allow":["GET"]}}],"collection":[{"href":"https:\/\/www.caririemacao.com\/1\/wp-json\/wp\/v2\/posts"}],"about":[{"href":"https:\/\/www.caririemacao.com\/1\/wp-json\/wp\/v2\/types\/post"}],"author":[{"embeddable":true,"href":"https:\/\/www.caririemacao.com\/1\/wp-json\/wp\/v2\/users\/2"}],"replies":[{"embeddable":true,"href":"https:\/\/www.caririemacao.com\/1\/wp-json\/wp\/v2\/comments?post=164247"}],"version-history":[{"count":3,"href":"https:\/\/www.caririemacao.com\/1\/wp-json\/wp\/v2\/posts\/164247\/revisions"}],"predecessor-version":[{"id":164304,"href":"https:\/\/www.caririemacao.com\/1\/wp-json\/wp\/v2\/posts\/164247\/revisions\/164304"}],"wp:featuredmedia":[{"embeddable":true,"href":"https:\/\/www.caririemacao.com\/1\/wp-json\/wp\/v2\/media\/164248"}],"wp:attachment":[{"href":"https:\/\/www.caririemacao.com\/1\/wp-json\/wp\/v2\/media?parent=164247"}],"wp:term":[{"taxonomy":"category","embeddable":true,"href":"https:\/\/www.caririemacao.com\/1\/wp-json\/wp\/v2\/categories?post=164247"},{"taxonomy":"post_tag","embeddable":true,"href":"https:\/\/www.caririemacao.com\/1\/wp-json\/wp\/v2\/tags?post=164247"}],"curies":[{"name":"wp","href":"https:\/\/api.w.org\/{rel}","templated":true}]}}