{"id":164252,"date":"2020-04-16T08:10:31","date_gmt":"2020-04-16T11:10:31","guid":{"rendered":"http:\/\/www.caririemacao.com\/1\/?p=164252"},"modified":"2020-04-16T08:10:33","modified_gmt":"2020-04-16T11:10:33","slug":"programa-nutricional-nenem-fortinho-continua-beneficiando-criancas-monteirenses","status":"publish","type":"post","link":"https:\/\/www.caririemacao.com\/1\/2020\/04\/16\/programa-nutricional-nenem-fortinho-continua-beneficiando-criancas-monteirenses\/","title":{"rendered":"Programa nutricional Nen\u00e9m Fortinho continua beneficiando crian\u00e7as monteirenses"},"content":{"rendered":"\n<p>Os Programas Sociais de todos os g\u00eaneros continuam ativos no munic\u00edpio de Monteiro, principalmente em meio a pandemia do Coronav\u00edrus, e um deles \u00e9 o t\u00e3o importante Nen\u00e9m Fortinho.<\/p>\n\n\n\n<p>Aconteceu na manh\u00e3 desta quarta-feira, 15, na sede do CRAS da cidade de Monteiro a entrega dos produtos aliment\u00edcios que refor\u00e7am a nutri\u00e7\u00e3o de aproximadamente 200 crian\u00e7as com idade de 6 meses \u00e0 03 anos, cujas m\u00e3es est\u00e3o em situa\u00e7\u00e3o de vulnerabilidade e que tamb\u00e9m est\u00e3o integradas no Sistema de Cadastro \u00danico do governo federal.<\/p>\n\n\n\n<p>Cada m\u00e3e recebeu um kit contendo complemento aliment\u00edcio a base de arroz e trigo adicionados de vitaminas, cereais e leite.<\/p>\n\n\n\n<p>\u201cAs mam\u00e3es que recebem a doa\u00e7\u00e3o dos produtos aliment\u00edcios tamb\u00e9m recebem orienta\u00e7\u00e3o social. O Programa Nen\u00e9m Fortinho respeita o per\u00edodo de amamenta\u00e7\u00e3o, j\u00e1 que as crian\u00e7as atendidas j\u00e1 est\u00e3o na fase em que podem receber alimentos que n\u00e3o sejam apenas o leite materno.\u201d Disse Rosa Aleixo, Secret\u00e1ria de Desenvolvimento Social.<\/p>\n\n\n\n<p>\u201cBuscamos oferecer todo suporte \u00e0s m\u00e3es de nossa cidade, temos muitos programas que beneficiam \u00e0 popula\u00e7\u00e3o menos privilegiada e o Nen\u00e9m Fortinho visa \u00e0 garantia nutricional dos beb\u00eas. Estes suplementos alimentares far\u00e3o com que eles cres\u00e7am fortes e saud\u00e1veis e com a nutri\u00e7\u00e3o desejada, principalmente neste momento t\u00e3o dif\u00edcil onde os pais n\u00e3o est\u00e3o podendo trabalhar \u201d comenta a prefeita Anna Lorena.<\/p>\n","protected":false},"excerpt":{"rendered":"<p>Os Programas Sociais de todos os g\u00eaneros continuam ativos no munic\u00edpio de Monteiro, principalmente em meio a pandemia do Coronav\u00edrus, e um deles \u00e9 o&hellip; <\/p>\n","protected":false},"author":2,"featured_media":164253,"comment_status":"closed","ping_status":"closed","sticky":false,"template":"","format":"standard","meta":{"sfsi_plus_gutenberg_text_before_share":"","sfsi_plus_gutenberg_show_text_before_share":"","sfsi_plus_gutenberg_icon_type":"","sfsi_plus_gutenberg_icon_alignemt":"","sfsi_plus_gutenburg_max_per_row":"","footnotes":""},"categories":[2],"tags":[],"class_list":["post-164252","post","type-post","status-publish","format-standard","has-post-thumbnail","hentry","category-geral"],"_links":{"self":[{"href":"https:\/\/www.caririemacao.com\/1\/wp-json\/wp\/v2\/posts\/164252","targetHints":{"allow":["GET"]}}],"collection":[{"href":"https:\/\/www.caririemacao.com\/1\/wp-json\/wp\/v2\/posts"}],"about":[{"href":"https:\/\/www.caririemacao.com\/1\/wp-json\/wp\/v2\/types\/post"}],"author":[{"embeddable":true,"href":"https:\/\/www.caririemacao.com\/1\/wp-json\/wp\/v2\/users\/2"}],"replies":[{"embeddable":true,"href":"https:\/\/www.caririemacao.com\/1\/wp-json\/wp\/v2\/comments?post=164252"}],"version-history":[{"count":1,"href":"https:\/\/www.caririemacao.com\/1\/wp-json\/wp\/v2\/posts\/164252\/revisions"}],"predecessor-version":[{"id":164254,"href":"https:\/\/www.caririemacao.com\/1\/wp-json\/wp\/v2\/posts\/164252\/revisions\/164254"}],"wp:featuredmedia":[{"embeddable":true,"href":"https:\/\/www.caririemacao.com\/1\/wp-json\/wp\/v2\/media\/164253"}],"wp:attachment":[{"href":"https:\/\/www.caririemacao.com\/1\/wp-json\/wp\/v2\/media?parent=164252"}],"wp:term":[{"taxonomy":"category","embeddable":true,"href":"https:\/\/www.caririemacao.com\/1\/wp-json\/wp\/v2\/categories?post=164252"},{"taxonomy":"post_tag","embeddable":true,"href":"https:\/\/www.caririemacao.com\/1\/wp-json\/wp\/v2\/tags?post=164252"}],"curies":[{"name":"wp","href":"https:\/\/api.w.org\/{rel}","templated":true}]}}