{"id":164256,"date":"2020-04-16T08:12:01","date_gmt":"2020-04-16T11:12:01","guid":{"rendered":"http:\/\/www.caririemacao.com\/1\/?p=164256"},"modified":"2020-04-16T08:12:04","modified_gmt":"2020-04-16T11:12:04","slug":"5a-gerencia-regional-de-saude-em-parceria-com-a-uepb-realiza-acao-voltada-ao-combate-do-covid-19","status":"publish","type":"post","link":"https:\/\/www.caririemacao.com\/1\/2020\/04\/16\/5a-gerencia-regional-de-saude-em-parceria-com-a-uepb-realiza-acao-voltada-ao-combate-do-covid-19\/","title":{"rendered":"5\u00aa Ger\u00eancia Regional de Sa\u00fade em parceria com a UEPB realiza a\u00e7\u00e3o voltada ao combate do COVID-19"},"content":{"rendered":"\n<p>Mais uma a\u00e7\u00e3o voltada ao combate a propaga\u00e7\u00e3o do v\u00edrus COVID-19 \u00e9 realizada no cariri.<\/p>\n\n\n\n<p>A 5\u00aa Ger\u00eancia Regional de Sa\u00fade na pessoa da gerente Ravena Farias, solicitou junto a Universidade Estadual da Para\u00edba- UEPB no N\u00facleo de Tecnologias Estrat\u00e9gicas em Sa\u00fade- NUTES, protetores faciais desenvolvidos e doados pelo NUTES atrav\u00e9s do processo de impress\u00e3o 3D em parceria com o Grupo.<\/p>\n\n\n\n<figure class=\"wp-block-image\"><img decoding=\"async\" data-src=\"http:\/\/noticiasemdestaque.com\/cd\/wp-content\/uploads\/2020\/04\/IMG-20200415-WA0289-366x650.jpg\" alt=\"\" class=\"wp-image-24310 lazyload\" src=\"data:image\/svg+xml;base64,PHN2ZyB3aWR0aD0iMSIgaGVpZ2h0PSIxIiB4bWxucz0iaHR0cDovL3d3dy53My5vcmcvMjAwMC9zdmciPjwvc3ZnPg==\" style=\"--smush-placeholder-width: 366px; --smush-placeholder-aspect-ratio: 366\/650;\" \/><\/figure>\n\n\n\n<figure class=\"wp-block-image\"><a href=\"http:\/\/noticiasemdestaque.com\/cd\/wp-content\/uploads\/2020\/04\/IMG-20200415-WA0293-366x650.jpg\"><img decoding=\"async\" data-src=\"http:\/\/noticiasemdestaque.com\/cd\/wp-content\/uploads\/2020\/04\/IMG-20200415-WA0293-366x650.jpg\" alt=\"\" class=\"wp-image-24311 lazyload\" src=\"data:image\/svg+xml;base64,PHN2ZyB3aWR0aD0iMSIgaGVpZ2h0PSIxIiB4bWxucz0iaHR0cDovL3d3dy53My5vcmcvMjAwMC9zdmciPjwvc3ZnPg==\" style=\"--smush-placeholder-width: 366px; --smush-placeholder-aspect-ratio: 366\/650;\" \/><\/a><\/figure>\n\n\n\n<figure class=\"wp-block-image\"><a href=\"http:\/\/noticiasemdestaque.com\/cd\/wp-content\/uploads\/2020\/04\/IMG-20200415-WA0290-366x650.jpg\"><img decoding=\"async\" data-src=\"http:\/\/noticiasemdestaque.com\/cd\/wp-content\/uploads\/2020\/04\/IMG-20200415-WA0290-366x650.jpg\" alt=\"\" class=\"wp-image-24309 lazyload\" src=\"data:image\/svg+xml;base64,PHN2ZyB3aWR0aD0iMSIgaGVpZ2h0PSIxIiB4bWxucz0iaHR0cDovL3d3dy53My5vcmcvMjAwMC9zdmciPjwvc3ZnPg==\" style=\"--smush-placeholder-width: 366px; --smush-placeholder-aspect-ratio: 366\/650;\" \/><\/a><\/figure>\n\n\n\n<p>Os protetores foram distribu\u00eddos aos profissionais de sa\u00fade dos munic\u00edpios do Cariri Ocidental Paraibano. Foram contemplados n\u00e3o apenas os hospitais mas tamb\u00e9m para as Unidades B\u00e1sicas De Sa\u00fade-UBS, UPA\u2019s, SAMU, Batalh\u00e3o de Pol\u00edcia Militar e profissionais da 5\u00aaGRS, apoiando assim os servi\u00e7os prestados com dedica\u00e7\u00e3o a sociedade.<\/p>\n\n\n\n<p><\/p>\n","protected":false},"excerpt":{"rendered":"<p>Mais uma a\u00e7\u00e3o voltada ao combate a propaga\u00e7\u00e3o do v\u00edrus COVID-19 \u00e9 realizada no cariri. A 5\u00aa Ger\u00eancia Regional de Sa\u00fade na pessoa da gerente&hellip; <\/p>\n","protected":false},"author":2,"featured_media":164257,"comment_status":"closed","ping_status":"closed","sticky":false,"template":"","format":"standard","meta":{"sfsi_plus_gutenberg_text_before_share":"","sfsi_plus_gutenberg_show_text_before_share":"","sfsi_plus_gutenberg_icon_type":"","sfsi_plus_gutenberg_icon_alignemt":"","sfsi_plus_gutenburg_max_per_row":"","footnotes":""},"categories":[2],"tags":[],"class_list":["post-164256","post","type-post","status-publish","format-standard","has-post-thumbnail","hentry","category-geral"],"_links":{"self":[{"href":"https:\/\/www.caririemacao.com\/1\/wp-json\/wp\/v2\/posts\/164256","targetHints":{"allow":["GET"]}}],"collection":[{"href":"https:\/\/www.caririemacao.com\/1\/wp-json\/wp\/v2\/posts"}],"about":[{"href":"https:\/\/www.caririemacao.com\/1\/wp-json\/wp\/v2\/types\/post"}],"author":[{"embeddable":true,"href":"https:\/\/www.caririemacao.com\/1\/wp-json\/wp\/v2\/users\/2"}],"replies":[{"embeddable":true,"href":"https:\/\/www.caririemacao.com\/1\/wp-json\/wp\/v2\/comments?post=164256"}],"version-history":[{"count":1,"href":"https:\/\/www.caririemacao.com\/1\/wp-json\/wp\/v2\/posts\/164256\/revisions"}],"predecessor-version":[{"id":164258,"href":"https:\/\/www.caririemacao.com\/1\/wp-json\/wp\/v2\/posts\/164256\/revisions\/164258"}],"wp:featuredmedia":[{"embeddable":true,"href":"https:\/\/www.caririemacao.com\/1\/wp-json\/wp\/v2\/media\/164257"}],"wp:attachment":[{"href":"https:\/\/www.caririemacao.com\/1\/wp-json\/wp\/v2\/media?parent=164256"}],"wp:term":[{"taxonomy":"category","embeddable":true,"href":"https:\/\/www.caririemacao.com\/1\/wp-json\/wp\/v2\/categories?post=164256"},{"taxonomy":"post_tag","embeddable":true,"href":"https:\/\/www.caririemacao.com\/1\/wp-json\/wp\/v2\/tags?post=164256"}],"curies":[{"name":"wp","href":"https:\/\/api.w.org\/{rel}","templated":true}]}}