{"id":164261,"date":"2020-04-16T08:19:25","date_gmt":"2020-04-16T11:19:25","guid":{"rendered":"http:\/\/www.caririemacao.com\/1\/?p=164261"},"modified":"2020-04-16T08:19:26","modified_gmt":"2020-04-16T11:19:26","slug":"roberto-carlos-fara-live-de-aniversario-no-proximo-fim-de-semana","status":"publish","type":"post","link":"https:\/\/www.caririemacao.com\/1\/2020\/04\/16\/roberto-carlos-fara-live-de-aniversario-no-proximo-fim-de-semana\/","title":{"rendered":"Roberto Carlos far\u00e1 live de anivers\u00e1rio no pr\u00f3ximo fim de semana"},"content":{"rendered":"\n<p>Roberto Carlos bateu o martelo: far\u00e1 uma live no pr\u00f3ximo domingo, dia 19, data de seu anivers\u00e1rio de 79 anos.<\/p>\n\n\n\n<p>A live sera no in\u00edcio da noite em seu canal no YouTube e \u00e0s tr\u00eas primeiras m\u00fasicas tamb\u00e9m ser\u00e1 transmitidas simultaneamente pela TV Globo.O cantor promete emocionar os f\u00e3s e diz que est\u00e1 preparando um repert\u00f3rio especial para a transmiss\u00e3o ao vivo, que vai durar 45 minutos.<\/p>\n\n\n\n<p>O cantor vinha recebendo muitos pedidos dos f\u00e3s pelas redes sociais para que fizesse uma live durante esse per\u00edodo de quarentena, mas se mostrava resistente. No entanto, com a proximidade de seu anivers\u00e1rio, RC resolveu atender ao apelo dos f\u00e3s.<\/p>\n\n\n\n<p>O cantor tamb\u00e9m acha que a manifesta\u00e7\u00e3o online pode evitar aglomera\u00e7\u00f5es em frente ao seu pr\u00e9dio, na Urca, Zona Sul do Rio de Janeiro. O lugar costuma ficar cheio de gente nos anivers\u00e1rios de Roberto.<\/p>\n\n\n\n<p>No momento, ele se preocupa com os detalhes t\u00e9cnicos, j\u00e1 que uma transmiss\u00e3o ao vivo re\u00fane pessoas, e ele est\u00e1 no grupo de risco da Covid-19.<\/p>\n","protected":false},"excerpt":{"rendered":"<p>Roberto Carlos bateu o martelo: far\u00e1 uma live no pr\u00f3ximo domingo, dia 19, data de seu anivers\u00e1rio de 79 anos. A live sera no in\u00edcio&hellip; <\/p>\n","protected":false},"author":2,"featured_media":164262,"comment_status":"closed","ping_status":"closed","sticky":false,"template":"","format":"standard","meta":{"sfsi_plus_gutenberg_text_before_share":"","sfsi_plus_gutenberg_show_text_before_share":"","sfsi_plus_gutenberg_icon_type":"","sfsi_plus_gutenberg_icon_alignemt":"","sfsi_plus_gutenburg_max_per_row":"","footnotes":""},"categories":[2],"tags":[],"class_list":["post-164261","post","type-post","status-publish","format-standard","has-post-thumbnail","hentry","category-geral"],"_links":{"self":[{"href":"https:\/\/www.caririemacao.com\/1\/wp-json\/wp\/v2\/posts\/164261","targetHints":{"allow":["GET"]}}],"collection":[{"href":"https:\/\/www.caririemacao.com\/1\/wp-json\/wp\/v2\/posts"}],"about":[{"href":"https:\/\/www.caririemacao.com\/1\/wp-json\/wp\/v2\/types\/post"}],"author":[{"embeddable":true,"href":"https:\/\/www.caririemacao.com\/1\/wp-json\/wp\/v2\/users\/2"}],"replies":[{"embeddable":true,"href":"https:\/\/www.caririemacao.com\/1\/wp-json\/wp\/v2\/comments?post=164261"}],"version-history":[{"count":1,"href":"https:\/\/www.caririemacao.com\/1\/wp-json\/wp\/v2\/posts\/164261\/revisions"}],"predecessor-version":[{"id":164263,"href":"https:\/\/www.caririemacao.com\/1\/wp-json\/wp\/v2\/posts\/164261\/revisions\/164263"}],"wp:featuredmedia":[{"embeddable":true,"href":"https:\/\/www.caririemacao.com\/1\/wp-json\/wp\/v2\/media\/164262"}],"wp:attachment":[{"href":"https:\/\/www.caririemacao.com\/1\/wp-json\/wp\/v2\/media?parent=164261"}],"wp:term":[{"taxonomy":"category","embeddable":true,"href":"https:\/\/www.caririemacao.com\/1\/wp-json\/wp\/v2\/categories?post=164261"},{"taxonomy":"post_tag","embeddable":true,"href":"https:\/\/www.caririemacao.com\/1\/wp-json\/wp\/v2\/tags?post=164261"}],"curies":[{"name":"wp","href":"https:\/\/api.w.org\/{rel}","templated":true}]}}