{"id":164264,"date":"2020-04-16T08:21:40","date_gmt":"2020-04-16T11:21:40","guid":{"rendered":"http:\/\/www.caririemacao.com\/1\/?p=164264"},"modified":"2020-04-16T08:21:41","modified_gmt":"2020-04-16T11:21:41","slug":"mp-permite-compra-conjunta-sem-licitacao-para-materiais-de-saude","status":"publish","type":"post","link":"https:\/\/www.caririemacao.com\/1\/2020\/04\/16\/mp-permite-compra-conjunta-sem-licitacao-para-materiais-de-saude\/","title":{"rendered":"MP permite compra conjunta sem licita\u00e7\u00e3o para materiais de sa\u00fade"},"content":{"rendered":"\n<p>Foi publicada nesta&nbsp;ter\u00e7a-feira (15), em edi\u00e7\u00e3o do Di\u00e1rio Oficial da Uni\u00e3o (DOU), a Medida Provis\u00f3ria n\u00b0 951, que permite compras conjuntas, com dispensa de licita\u00e7\u00e3o, para a aquisi\u00e7\u00e3o de materiais e equipamentos de sa\u00fade a serem usados no enfrentamento \u00e0 pandemia do novo coronav\u00edrus. A medida altera a lei n\u00ba 13.979\/2020, que regulamenta o estado de emerg\u00eancia em sa\u00fade, para flexibilizar ainda mais a compra de produtos durante a vig\u00eancia da crise, por meio do Sistema de Registro de Pre\u00e7o (SRP). Com as novas regras, as compras de bens, servi\u00e7os, inclusive de engenharia, e insumos destinados ao enfrentamento da calamidade p\u00fablica poder\u00e3o ser realizadas em um \u00fanico processo de compra, de forma mais r\u00e1pida.<\/p>\n\n\n\n<p>O Sistema de Registro de Pre\u00e7o \u00e9 um procedimento de contrata\u00e7\u00e3o em que um \u00f3rg\u00e3o p\u00fablico faz uma estimativa de aquisi\u00e7\u00e3o de bens e servi\u00e7os e, com isso, pode ir comprando do fornecedor contratado, de forma gradativa, ao longo de um ano. Pela lei, esse sistema s\u00f3 poderia ser adotado por meio de uma licita\u00e7\u00e3o p\u00fablica, mas a MP permite a dispensa dessa licita\u00e7\u00e3o para os produtos de sa\u00fade. Al\u00e9m disso, um \u00fanico processo de compra executado pelo Sistema de Registro de Pre\u00e7o pode ser utilizado por diferentes \u00f3rg\u00e3os p\u00fablicos federais, estaduais e municipais.&nbsp;&nbsp;<\/p>\n\n\n\n<blockquote class=\"wp-block-quote is-layout-flow wp-block-quote-is-layout-flow\"><p>&#8220;Isso traz um benef\u00edcio enorme para estados e munic\u00edpios, foi uma demanda que veio deles. O governo federal pode fazer uma ata de registro de pre\u00e7o para produtos de sa\u00fade, sem licita\u00e7\u00e3o, e ela ser aderida por diferentes \u00f3rg\u00e3os, sem necessidade da realiza\u00e7\u00e3o de m\u00faltiplos processos diferentes de compra dos mesmos produtos&#8221;, explica o secret\u00e1rio de Gest\u00e3o do Minist\u00e9rio da Economia, Cristiano Heckert.<\/p><\/blockquote>\n\n\n\n<p>A lei de emerg\u00eancia em sa\u00fade, em vigor desde fevereiro deste ano, j\u00e1 permitia a dispensa de licita\u00e7\u00e3o para contrata\u00e7\u00e3o de servi\u00e7os ou compras de equipamentos para o enfrentamento da pandemia. Desde ent\u00e3o, segundo o Minist\u00e9rio da Economia, foram realizadas 1.357 dispensas para a aquisi\u00e7\u00e3o de insumos de sa\u00fade e outros bens e servi\u00e7os para o combate \u00e0 covid-19, doen\u00e7a causada pelo novo coronav\u00edrus. Com a dispensa de licita\u00e7\u00e3o valendo tamb\u00e9m para o Sistema de Registro de Pre\u00e7o, a expectativa do governo \u00e9 reduzir drasticamente os procedimentos isolados de compra, j\u00e1 que diferentes prefeituras e \u00f3rg\u00e3os estaduais poder\u00e3o aderir \u00e0 mesma ata.<\/p>\n\n\n\n<h2 class=\"wp-block-heading\">Prazos&nbsp;<\/h2>\n\n\n\n<p>A MP determina ainda que as licita\u00e7\u00f5es na modalidade preg\u00e3o (presencial ou eletr\u00f4nico), realizadas no Sistema de Registro de Pre\u00e7o, sejam consideradas compras nacionais. Na pr\u00e1tica, de acordo com o Minist\u00e9rio da Economia, qualquer \u00f3rg\u00e3o federal, estadual ou municipal pode aderir \u00e0 uma ata de registro de pre\u00e7o, bastando a pr\u00e9via indica\u00e7\u00e3o da demanda pela institui\u00e7\u00e3o interessada. O prazo para que um \u00f3rg\u00e3o aguarde a manifesta\u00e7\u00e3o de ades\u00f5es em um registro de pre\u00e7o tamb\u00e9m foi reduzido de oito dias \u00fateis para at\u00e9 quatro dias \u00fateis, o que tamb\u00e9m deve acelerar os procedimentos de compra.&nbsp;&nbsp;<\/p>\n\n\n\n<h2 class=\"wp-block-heading\">Certificados digitais<\/h2>\n\n\n\n<p>Segundo o governo, a Medida Provis\u00f3ria estabelece a compet\u00eancia das Autoridades de Registro (AR) da Infraestrutura de Chaves P\u00fablicas Brasileira (ICP-Brasil) para identificar e cadastrar usu\u00e1rios, encaminhar solicita\u00e7\u00f5es de certificados \u00e0s Autoridades Certificadoras (AC) e manter registros de suas opera\u00e7\u00f5es. Este trabalho de identifica\u00e7\u00e3o poder\u00e1 ser realizado presencialmente, mediante comparecimento pessoal do usu\u00e1rio, ou por outra forma que garanta n\u00edvel de seguran\u00e7a equivalente, observada as normas t\u00e9cnicas da ICP-Brasil.<\/p>\n","protected":false},"excerpt":{"rendered":"<p>Foi publicada nesta&nbsp;ter\u00e7a-feira (15), em edi\u00e7\u00e3o do Di\u00e1rio Oficial da Uni\u00e3o (DOU), a Medida Provis\u00f3ria n\u00b0 951, que permite compras conjuntas, com dispensa de licita\u00e7\u00e3o,&hellip; <\/p>\n","protected":false},"author":2,"featured_media":164265,"comment_status":"closed","ping_status":"closed","sticky":false,"template":"","format":"standard","meta":{"sfsi_plus_gutenberg_text_before_share":"","sfsi_plus_gutenberg_show_text_before_share":"","sfsi_plus_gutenberg_icon_type":"","sfsi_plus_gutenberg_icon_alignemt":"","sfsi_plus_gutenburg_max_per_row":"","footnotes":""},"categories":[2],"tags":[],"class_list":["post-164264","post","type-post","status-publish","format-standard","has-post-thumbnail","hentry","category-geral"],"_links":{"self":[{"href":"https:\/\/www.caririemacao.com\/1\/wp-json\/wp\/v2\/posts\/164264","targetHints":{"allow":["GET"]}}],"collection":[{"href":"https:\/\/www.caririemacao.com\/1\/wp-json\/wp\/v2\/posts"}],"about":[{"href":"https:\/\/www.caririemacao.com\/1\/wp-json\/wp\/v2\/types\/post"}],"author":[{"embeddable":true,"href":"https:\/\/www.caririemacao.com\/1\/wp-json\/wp\/v2\/users\/2"}],"replies":[{"embeddable":true,"href":"https:\/\/www.caririemacao.com\/1\/wp-json\/wp\/v2\/comments?post=164264"}],"version-history":[{"count":1,"href":"https:\/\/www.caririemacao.com\/1\/wp-json\/wp\/v2\/posts\/164264\/revisions"}],"predecessor-version":[{"id":164266,"href":"https:\/\/www.caririemacao.com\/1\/wp-json\/wp\/v2\/posts\/164264\/revisions\/164266"}],"wp:featuredmedia":[{"embeddable":true,"href":"https:\/\/www.caririemacao.com\/1\/wp-json\/wp\/v2\/media\/164265"}],"wp:attachment":[{"href":"https:\/\/www.caririemacao.com\/1\/wp-json\/wp\/v2\/media?parent=164264"}],"wp:term":[{"taxonomy":"category","embeddable":true,"href":"https:\/\/www.caririemacao.com\/1\/wp-json\/wp\/v2\/categories?post=164264"},{"taxonomy":"post_tag","embeddable":true,"href":"https:\/\/www.caririemacao.com\/1\/wp-json\/wp\/v2\/tags?post=164264"}],"curies":[{"name":"wp","href":"https:\/\/api.w.org\/{rel}","templated":true}]}}