{"id":164278,"date":"2020-04-16T10:10:22","date_gmt":"2020-04-16T13:10:22","guid":{"rendered":"http:\/\/www.caririemacao.com\/1\/?p=164278"},"modified":"2020-04-16T10:10:24","modified_gmt":"2020-04-16T13:10:24","slug":"crianca-de-5-anos-morre-apos-cair-de-trator","status":"publish","type":"post","link":"https:\/\/www.caririemacao.com\/1\/2020\/04\/16\/crianca-de-5-anos-morre-apos-cair-de-trator\/","title":{"rendered":"Crian\u00e7a de 5 anos morre ap\u00f3s cair de trator"},"content":{"rendered":"\n<p>Um menino de apenas 5 anos de idade morreu nesta quarta-feira (15) ap\u00f3s cair de um trator.<\/p>\n\n\n\n<p>De acordo com informa\u00e7\u00f5es, a crian\u00e7a estava acompanhada de um funcion\u00e1rio da fam\u00edlia no momento do acidente, que aconteceu pela manh\u00e3.<\/p>\n\n\n\n<p>Ela foi socorrida pelo Samu e encaminhada para o Hospital de Emerg\u00eancia e Trauma de Jo\u00e3o Pessoa.<\/p>\n\n\n\n<p>A morte foi confirmada logo ap\u00f3s sua chegada \u00e0 unidade hospitalar.<\/p>\n\n\n\n<p>O caso vai ser investigado pela Delegacia de Acidente de Ve\u00edculos.<\/p>\n\n\n\n<p>*com informa\u00e7\u00f5es da TV Cabo Branco<\/p>\n","protected":false},"excerpt":{"rendered":"<p>Um menino de apenas 5 anos de idade morreu nesta quarta-feira (15) ap\u00f3s cair de um trator. De acordo com informa\u00e7\u00f5es, a crian\u00e7a estava acompanhada&hellip; <\/p>\n","protected":false},"author":2,"featured_media":164279,"comment_status":"closed","ping_status":"closed","sticky":false,"template":"","format":"standard","meta":{"sfsi_plus_gutenberg_text_before_share":"","sfsi_plus_gutenberg_show_text_before_share":"","sfsi_plus_gutenberg_icon_type":"","sfsi_plus_gutenberg_icon_alignemt":"","sfsi_plus_gutenburg_max_per_row":"","footnotes":""},"categories":[2],"tags":[],"class_list":["post-164278","post","type-post","status-publish","format-standard","has-post-thumbnail","hentry","category-geral"],"_links":{"self":[{"href":"https:\/\/www.caririemacao.com\/1\/wp-json\/wp\/v2\/posts\/164278","targetHints":{"allow":["GET"]}}],"collection":[{"href":"https:\/\/www.caririemacao.com\/1\/wp-json\/wp\/v2\/posts"}],"about":[{"href":"https:\/\/www.caririemacao.com\/1\/wp-json\/wp\/v2\/types\/post"}],"author":[{"embeddable":true,"href":"https:\/\/www.caririemacao.com\/1\/wp-json\/wp\/v2\/users\/2"}],"replies":[{"embeddable":true,"href":"https:\/\/www.caririemacao.com\/1\/wp-json\/wp\/v2\/comments?post=164278"}],"version-history":[{"count":1,"href":"https:\/\/www.caririemacao.com\/1\/wp-json\/wp\/v2\/posts\/164278\/revisions"}],"predecessor-version":[{"id":164280,"href":"https:\/\/www.caririemacao.com\/1\/wp-json\/wp\/v2\/posts\/164278\/revisions\/164280"}],"wp:featuredmedia":[{"embeddable":true,"href":"https:\/\/www.caririemacao.com\/1\/wp-json\/wp\/v2\/media\/164279"}],"wp:attachment":[{"href":"https:\/\/www.caririemacao.com\/1\/wp-json\/wp\/v2\/media?parent=164278"}],"wp:term":[{"taxonomy":"category","embeddable":true,"href":"https:\/\/www.caririemacao.com\/1\/wp-json\/wp\/v2\/categories?post=164278"},{"taxonomy":"post_tag","embeddable":true,"href":"https:\/\/www.caririemacao.com\/1\/wp-json\/wp\/v2\/tags?post=164278"}],"curies":[{"name":"wp","href":"https:\/\/api.w.org\/{rel}","templated":true}]}}