{"id":164294,"date":"2020-04-16T10:24:07","date_gmt":"2020-04-16T13:24:07","guid":{"rendered":"http:\/\/www.caririemacao.com\/1\/?p=164294"},"modified":"2020-04-16T10:24:10","modified_gmt":"2020-04-16T13:24:10","slug":"caixa-comeca-a-pagar-nesta-quinta-auxilio-emergencial-para-beneficiarios-do-bolsa-familia-e-cadastrados-via-app-e-site","status":"publish","type":"post","link":"https:\/\/www.caririemacao.com\/1\/2020\/04\/16\/caixa-comeca-a-pagar-nesta-quinta-auxilio-emergencial-para-beneficiarios-do-bolsa-familia-e-cadastrados-via-app-e-site\/","title":{"rendered":"Caixa come\u00e7a a pagar nesta quinta Aux\u00edlio Emergencial para benefici\u00e1rios do Bolsa Fam\u00edlia e cadastrados via app e site"},"content":{"rendered":"\n<p>A Caixa Econ\u00f4mica Federal come\u00e7a a pagar nesta quinta-feira (16) a primeira parcela do Aux\u00edlio Emergencial para os benefici\u00e1rios do Bolsa Fam\u00edlia e para os trabalhadores que se inscreveram no programa emergencial por meio do aplicativo e do site.<\/p>\n\n\n\n<p>At\u00e9 as 17h da quarta-feira, j\u00e1 haviam sido pagos cerca de R$ 3,2 bilh\u00f5es a 4,9 milh\u00f5es de pessoas. Trabalhadores inscritos no Cadastro \u00danico e que n\u00e3o recebem o Bolsa Fam\u00edlia j\u00e1 come\u00e7aram a receber o benef\u00edcio \u2013 na semana passada, foram creditados os recursos para os que t\u00eam conta no Banco do Brasil ou poupan\u00e7a na Caixa e, na ter\u00e7a-feira, tiveram in\u00edcio os cr\u00e9ditos para os que v\u00e3o receber via poupan\u00e7a digital da Caixa.<\/p>\n\n\n\n<p>S\u00e3o tr\u00eas calend\u00e1rios de pagamento diferentes:<\/p>\n\n\n\n<ul class=\"wp-block-list\"><li>um para os benefici\u00e1rios que recebem o Bolsa Fam\u00edlia;<\/li><li>um segundo para os inscritos no Cadastro \u00danico que n\u00e3o recebem o Bolsa Fam\u00edlia e mulheres chefes de fam\u00edlia;<\/li><li>e um terceiro para quem se inscreveu para receber o Aux\u00edlio Emergencial atrav\u00e9s do aplicativo ou do site do programa.<\/li><\/ul>\n\n\n\n<p>Para quem receber via poupan\u00e7a digital da Caixa, os saques em dinheiro come\u00e7ar\u00e3o a ser liberados a partir do dia 27. Antes disso, no entanto, os recursos poder\u00e3o ser movimentados digitalmente (veja o calend\u00e1rio ao final desta reportagem).<\/p>\n\n\n\n<p><strong>VEJA OS CALEND\u00c1RIOS DE PAGAMENTO DESTA SEMANA:<\/strong><\/p>\n\n\n\n<p><strong>1. Benefici\u00e1rios do Bolsa Fam\u00edlia<\/strong><\/p>\n\n\n\n<p>Quem recebe o Bolsa Fam\u00edlia e tem direito ao pagamento vai receber o cr\u00e9dito do aux\u00edlio automaticamente, no mesmo calend\u00e1rio e da mesma forma do benef\u00edcio regular. Entre o Bolsa Fam\u00edlia e o Aux\u00edlio Emergencial, ser\u00e1 creditado o benef\u00edcio de maior valor, para todos que tiverem direito.<\/p>\n\n\n\n<p>Nesta semana receber\u00e3o 2.719.810 benefici\u00e1rios do Bolsa Fam\u00edlia, conforme calend\u00e1rio:<\/p>\n\n\n\n<p>Quinta-feira (16):<br>&#8211; 1.360.024 benefici\u00e1rios do Bolsa Fam\u00edlia cujo \u00faltimo d\u00edgito do NIS \u00e9 igual a 1.<\/p>\n\n\n\n<p>Sexta-feira (17):<br>&#8211; 1.359.786 benefici\u00e1rios do Bolsa Fam\u00edlia cujo \u00faltimo d\u00edgito do NIS \u00e9 igual a 2.<br>2. Inscritos no Cadastro \u00danico que n\u00e3o recebem Bolsa Fam\u00edlia<br>Recebem a partir de ter\u00e7a-feira inscritos no Cadastro \u00danico at\u00e9 20 de mar\u00e7o \u00faltimo, que n\u00e3o recebem Bolsa Fam\u00edlia e que tiveram os crit\u00e9rios de elegibilidade verificados pela Dataprev, incluindo o grupo de mulheres chefes de fam\u00edlia, que poder\u00e3o ter direito a R$ 1,2 mil.<\/p>\n\n\n\n<p>Ter\u00e7a-feira (14):<br>&#8211; 273.178 pessoas que possuem conta no Banco do Brasil<br>&#8211; 557.835 pessoas nascidas em janeiro, que receber\u00e3o pela poupan\u00e7a digital da Caixa (a partir das 12h)<\/p>\n\n\n\n<p>Quarta-feira (15):<br>&#8211; 1.635.291 pessoas nascidas em fevereiro, mar\u00e7o e abril, que receber\u00e3o via poupan\u00e7a digital da Caixa<\/p>\n\n\n\n<p>Quinta-feira (16):<br>&#8211; 2.282.321 pessoas nascidas em maio, junho, julho e agosto, que receber\u00e3o pela poupan\u00e7a digital da Caixa<\/p>\n\n\n\n<p>Sexta-feira (17):<br>&#8211; 1.958.268 pessoas nascidas em setembro, outubro, novembro e dezembro, que receber\u00e3o via poupan\u00e7a digital da Caixa<\/p>\n\n\n\n<p><strong>3. Cadastrados no app e site<\/strong><\/p>\n\n\n\n<p>Para os trabalhadores que se cadastraram pelo aplicativo e pelo site do Aux\u00edlio Emergencial, e que cumprirem com os crit\u00e9rios para recebimento do benef\u00edcio, os valores come\u00e7ar\u00e3o a ser pagos nesta quinta-feira (16), na conta indicada ou em poupan\u00e7a digital na Caixa Econ\u00f4mica Federal.<\/p>\n\n\n\n<p>At\u00e9 \u00e0s 15h de quarta-feira (15), o volume dos que se cadastraram por estes canais superava 36,3 milh\u00f5es de pessoas.<\/p>\n\n\n\n<p>A Caixa abrir\u00e1 automaticamente as contas de poupan\u00e7a digitais para os benefici\u00e1rios considerados aptos a receber o aux\u00edlio emergencial e que n\u00e3o tenham outra conta banc\u00e1ria. Apenas nesta semana est\u00e3o sendo abertas mais de 6,6 milh\u00f5es de poupan\u00e7as digitais.<\/p>\n\n\n\n<p><strong>Conta poupan\u00e7a digital<\/strong><br>A Caixa abrir\u00e1 automaticamente as contas de poupan\u00e7a digitais para os benefici\u00e1rios considerados aptos a receber o aux\u00edlio emergencial e que n\u00e3o tenham outra conta banc\u00e1ria nem sejam benefici\u00e1rios do Bolsa Fam\u00edlia.<\/p>\n\n\n\n<p>Os que receberem o cr\u00e9dito por meio da conta digital poder\u00e3o efetuar transfer\u00eancias ilimitadas entre contas da Caixa ou realizar gratuitamente at\u00e9 tr\u00eas transfer\u00eancias para outros bancos a cada m\u00eas, pelos pr\u00f3ximos 90 dias. Al\u00e9m disso, podem pagar boletos e contas de \u00e1gua, luz, telefone, entre outras. A conta \u00e9 isenta de tarifas.<\/p>\n\n\n\n<p>O acesso \u00e0 conta \u00e9 feito pelo aplicativo CAIXA Tem, que pode ser baixado na loja de aplicativos dos smartphones neste link.<\/p>\n\n\n\n<p><strong>Saques da poupan\u00e7a digital<\/strong><br>Para evitar aglomera\u00e7\u00f5es nas ag\u00eancias, a Caixa estabeleceu um calend\u00e1rio para os benefici\u00e1rios que quiserem sacar em dinheiro o valor depositado nas poupan\u00e7as digitais abertas para os trabalhadores:<\/p>\n\n\n\n<p>27 de abril \u2013 nascidos em janeiro e fevereiro<br>28 de abril \u2013 nascidos em mar\u00e7o e abril<br>29 de abril \u2013 nascidos em maio e junho<br>30 de abril \u2013 nascidos julho e agosto<br>4 de maio \u2013 nascidos em setembro e outubro<br>5 de maio \u2013 nascidos em novembro e dezembro<\/p>\n\n\n\n<p><strong>Calend\u00e1rio geral<\/strong><br>O aux\u00edlio emergencial ser\u00e1 pago para trabalhadores informais, desempregados, contribuintes individuais do INSS e MEIs. Veja como deve ser o calend\u00e1rio de pagamento para todos os trabalhadores que t\u00eam direito ao aux\u00edlio:<\/p>\n\n\n\n<p><strong>Calend\u00e1rio da primeira parcela<\/strong><\/p>\n\n\n\n<ul class=\"wp-block-list\"><li>Pessoas que est\u00e3o no Cadastro \u00danico que n\u00e3o recebem Bolsa Fam\u00edlia e t\u00eam conta no Banco do Brasil ou poupan\u00e7a na Caixa Econ\u00f4mica Federal: quinta-feira (9);<\/li><li>Pessoas que est\u00e3o no Cadastro \u00danico que n\u00e3o recebem Bolsa Fam\u00edlia, com conta poupan\u00e7a digital na Caixa ou conta no Banco do Brasil, incluindo neste grupo as mulheres chefes de fam\u00edlia: a partir de ter\u00e7a-feira (14 de abril);<\/li><li>Trabalhadores informais que n\u00e3o est\u00e3o no Cadastro \u00danico: em 5 cinco dias \u00fateis ap\u00f3s inscri\u00e7\u00e3o no programa de aux\u00edlio emergencial via app e site;<\/li><li>Benefici\u00e1rios do Bolsa Fam\u00edlia: \u00faltimos 10 dias \u00fateis de abril (iniciando no dia 16), seguindo o calend\u00e1rio regular do programa.<\/li><\/ul>\n\n\n\n<p><strong>Segunda parcela<\/strong><\/p>\n\n\n\n<ul class=\"wp-block-list\"><li>Pessoas que est\u00e3o no Cadastro \u00danico que n\u00e3o recebem Bolsa Fam\u00edlia e trabalhadores informais inscritos no programa de aux\u00edlio emergencial via app e site: entre 27 e 30 de abril<\/li><li>Benefici\u00e1rios do Bolsa Fam\u00edlia: \u00faltimos 10 dias \u00fateis de maio, seguindo o calend\u00e1rio regular do programa<\/li><\/ul>\n\n\n\n<p><strong>Terceira parcela&nbsp;<\/strong><\/p>\n\n\n\n<ul class=\"wp-block-list\"><li>Pessoas que est\u00e3o no Cadastro \u00danico que n\u00e3o recebem Bolsa Fam\u00edlia e trabalhadores inscritos no programa de aux\u00edlio emergencial via app e site: entre 26 e 29 de maio;<\/li><li>Benefici\u00e1rios do Bolsa Fam\u00edlia: \u00faltimos 10 dias \u00fateis de junho, seguindo o calend\u00e1rio regular do programa<\/li><\/ul>\n\n\n\n<p><strong>Quem tem direito?&nbsp;<\/strong><\/p>\n\n\n\n<p>Durante tr\u00eas meses, ser\u00e1 concedido aux\u00edlio emergencial de R$ 600 ao trabalhador que cumpra todos estes requisitos:&nbsp;<\/p>\n\n\n\n<p>ser maior de 18 anos de idade com CPF regularizado;<br>n\u00e3o ter emprego formal;<br>n\u00e3o ser titular de benef\u00edcio previdenci\u00e1rio ou assistencial, benefici\u00e1rio do seguro-desemprego ou de programa de transfer\u00eancia de renda federal, \u00e0 exce\u00e7\u00e3o do Bolsa Fam\u00edlia;<br>ter renda familiar mensal por pessoa de at\u00e9 meio sal\u00e1rio m\u00ednimo (R$ 522,50) ou renda familiar mensal total de at\u00e9 tr\u00eas sal\u00e1rios m\u00ednimos (R$ 3.135);<br>que, no ano de 2018, n\u00e3o tiver recebido rendimentos tribut\u00e1veis acima de R$ 28.559,70 em 2018.<\/p>\n\n\n\n<p>O aux\u00edlio ser\u00e1 cortado caso seja constatado o descumprimento desses requisitos. O trabalhador deve exercer atividade na condi\u00e7\u00e3o de:<\/p>\n\n\n\n<p>microempreendedor individual (MEI);<br>contribuinte individual do Regime Geral de Previd\u00eancia Social que trabalhe por conta pr\u00f3pria;<br>trabalhador informal empregado, aut\u00f4nomo ou desempregado<br>intermitente inativo<br>estar inscrito no Cadastro \u00danico para Programas Sociais do Governo Federal (Cad\u00danico), at\u00e9 20 de mar\u00e7o de 2020<br>ou que se encaixe nos crit\u00e9rios de renda familiar mensal mencionados acima, desde que fa\u00e7a uma autodeclara\u00e7\u00e3o pelo site do governo.<\/p>\n\n\n\n<p>O programa estabelece ainda que somente duas pessoas da mesma fam\u00edlia poder\u00e3o receber o aux\u00edlio emergencial. Para quem recebe o Bolsa Fam\u00edlia, o programa poder\u00e1 ser substitu\u00eddo temporariamente pelo aux\u00edlio emergencial, caso o valor da ajuda seja mais vantajosa.<\/p>\n\n\n\n<p>A mulher que for m\u00e3e e chefe de fam\u00edlia, e estiver dentro dos demais crit\u00e9rios, poder\u00e1 receber R$ 1,2 mil (duas cotas) por m\u00eas.<\/p>\n\n\n\n<p>Na renda familiar, ser\u00e3o considerados todos os rendimentos obtidos por todos os membros que moram na mesma resid\u00eancia, exceto o dinheiro do Bolsa Fam\u00edlia.<\/p>\n\n\n\n<p>Se, durante este per\u00edodo de tr\u00eas meses, o benefici\u00e1rio do aux\u00edlio emergencial for contratado no regime CLT ou se a renda familiar ultrapassar o limite durante o per\u00edodo de pagamento, ele n\u00e3o deixar\u00e1 de receber o aux\u00edlio.<\/p>\n\n\n\n<p>Como pedir o aux\u00edlio<br>Os trabalhadores podem pedir das seguintes formas:<\/p>\n\n\n\n<p>Clique aqui para acessar pelo site:&nbsp;<a href=\"https:\/\/auxilio.caixa.gov.br\/#\/inicio\">https:\/\/auxilio.caixa.gov.br\/#&#8230;<\/a><br>Clique aqui para baixar o aplicativo para celulares Android:&nbsp;<a href=\"https:\/\/play.google.com\/store\/apps\/details?id=br.gov.caixa.auxilio\">https:\/\/play.google.com\/store\/&#8230;<\/a><br>Clique aqui para baixar o aplicativo para iOS (celulares Apple):&nbsp;<a href=\"https:\/\/apps.apple.com\/br\/app\/caixa-aux%C3%ADlio-emergencial\/id1506494331\">https:\/\/apps.apple.com\/br\/app\/&#8230;<\/a><br>O aplicativo e o site devem ser usados pelos trabalhadores que forem Microempreendedores Individuais (MEIs), trabalhadores informais sem registro e contribuintes individuais do INSS.<\/p>\n\n\n\n<p>Aqueles que j\u00e1 recebem o Bolsa Fam\u00edlia ou que est\u00e3o inscritos no Cadastro \u00danico (Cad\u00danico) n\u00e3o precisam se inscrever pelo aplicativo ou site. O pagamento ser\u00e1 feito automaticamente. (Clique aqui para ver como saber se voc\u00ea est\u00e1 no Cadastro \u00danico).<\/p>\n\n\n\n<p>Segundo o ministro Onyx Lorenzoni, apenas para as pessoas que n\u00e3o tenham acesso \u00e0 internet, ser\u00e1 poss\u00edvel tamb\u00e9m fazer o registro em ag\u00eancias da Caixa ou lot\u00e9ricas. O cadastro presencial ser\u00e1 uma exce\u00e7\u00e3o, apenas em \u00faltimo caso.<\/p>\n\n\n\n<p>A Caixa refor\u00e7a a orienta\u00e7\u00e3o para que sejam apenas utilizados os aplicativos oficiais do banco e o \u00fanico site dispon\u00edvel para solicitar o benef\u00edcio.<\/p>\n","protected":false},"excerpt":{"rendered":"<p>A Caixa Econ\u00f4mica Federal come\u00e7a a pagar nesta quinta-feira (16) a primeira parcela do Aux\u00edlio Emergencial para os benefici\u00e1rios do Bolsa Fam\u00edlia e para os&hellip; <\/p>\n","protected":false},"author":2,"featured_media":164295,"comment_status":"closed","ping_status":"closed","sticky":false,"template":"","format":"standard","meta":{"sfsi_plus_gutenberg_text_before_share":"","sfsi_plus_gutenberg_show_text_before_share":"","sfsi_plus_gutenberg_icon_type":"","sfsi_plus_gutenberg_icon_alignemt":"","sfsi_plus_gutenburg_max_per_row":"","footnotes":""},"categories":[2],"tags":[],"class_list":["post-164294","post","type-post","status-publish","format-standard","has-post-thumbnail","hentry","category-geral"],"_links":{"self":[{"href":"https:\/\/www.caririemacao.com\/1\/wp-json\/wp\/v2\/posts\/164294","targetHints":{"allow":["GET"]}}],"collection":[{"href":"https:\/\/www.caririemacao.com\/1\/wp-json\/wp\/v2\/posts"}],"about":[{"href":"https:\/\/www.caririemacao.com\/1\/wp-json\/wp\/v2\/types\/post"}],"author":[{"embeddable":true,"href":"https:\/\/www.caririemacao.com\/1\/wp-json\/wp\/v2\/users\/2"}],"replies":[{"embeddable":true,"href":"https:\/\/www.caririemacao.com\/1\/wp-json\/wp\/v2\/comments?post=164294"}],"version-history":[{"count":1,"href":"https:\/\/www.caririemacao.com\/1\/wp-json\/wp\/v2\/posts\/164294\/revisions"}],"predecessor-version":[{"id":164296,"href":"https:\/\/www.caririemacao.com\/1\/wp-json\/wp\/v2\/posts\/164294\/revisions\/164296"}],"wp:featuredmedia":[{"embeddable":true,"href":"https:\/\/www.caririemacao.com\/1\/wp-json\/wp\/v2\/media\/164295"}],"wp:attachment":[{"href":"https:\/\/www.caririemacao.com\/1\/wp-json\/wp\/v2\/media?parent=164294"}],"wp:term":[{"taxonomy":"category","embeddable":true,"href":"https:\/\/www.caririemacao.com\/1\/wp-json\/wp\/v2\/categories?post=164294"},{"taxonomy":"post_tag","embeddable":true,"href":"https:\/\/www.caririemacao.com\/1\/wp-json\/wp\/v2\/tags?post=164294"}],"curies":[{"name":"wp","href":"https:\/\/api.w.org\/{rel}","templated":true}]}}