{"id":164298,"date":"2020-04-16T10:27:27","date_gmt":"2020-04-16T13:27:27","guid":{"rendered":"http:\/\/www.caririemacao.com\/1\/?p=164298"},"modified":"2020-04-17T08:34:18","modified_gmt":"2020-04-17T11:34:18","slug":"govermadores-emitem-apoio-a-auxilio-a-estados","status":"publish","type":"post","link":"https:\/\/www.caririemacao.com\/1\/2020\/04\/16\/govermadores-emitem-apoio-a-auxilio-a-estados\/","title":{"rendered":"Governadores emitem apoio a aux\u00edlio a estados"},"content":{"rendered":"\n<p>O F\u00f3rum Nacional de Governadores emitiu carta ao Senado para reconhecer o empenho na ado\u00e7\u00e3o de medidas sociais, sanit\u00e1rias e federativas diante da crise causada pela pandemia do novo coronav\u00edrus. Os gestores enfatizaram apoio \u00e0 aprova\u00e7\u00e3o integral do Projeto de Lei Complementar \u2013 PLP n\u00ba 149-B de 2019, que estabelece aux\u00edlio financeiro da Uni\u00e3o aos Estados, ao Distrito Federal e aos Munic\u00edpios para mitigar os efeitos da pandemia de Covid19.<\/p>\n","protected":false},"excerpt":{"rendered":"<p>O F\u00f3rum Nacional de Governadores emitiu carta ao Senado para reconhecer o empenho na ado\u00e7\u00e3o de medidas sociais, sanit\u00e1rias e federativas diante da crise causada&hellip; <\/p>\n","protected":false},"author":2,"featured_media":164299,"comment_status":"closed","ping_status":"closed","sticky":false,"template":"","format":"standard","meta":{"sfsi_plus_gutenberg_text_before_share":"","sfsi_plus_gutenberg_show_text_before_share":"","sfsi_plus_gutenberg_icon_type":"","sfsi_plus_gutenberg_icon_alignemt":"","sfsi_plus_gutenburg_max_per_row":"","footnotes":""},"categories":[2],"tags":[],"class_list":["post-164298","post","type-post","status-publish","format-standard","has-post-thumbnail","hentry","category-geral"],"_links":{"self":[{"href":"https:\/\/www.caririemacao.com\/1\/wp-json\/wp\/v2\/posts\/164298","targetHints":{"allow":["GET"]}}],"collection":[{"href":"https:\/\/www.caririemacao.com\/1\/wp-json\/wp\/v2\/posts"}],"about":[{"href":"https:\/\/www.caririemacao.com\/1\/wp-json\/wp\/v2\/types\/post"}],"author":[{"embeddable":true,"href":"https:\/\/www.caririemacao.com\/1\/wp-json\/wp\/v2\/users\/2"}],"replies":[{"embeddable":true,"href":"https:\/\/www.caririemacao.com\/1\/wp-json\/wp\/v2\/comments?post=164298"}],"version-history":[{"count":2,"href":"https:\/\/www.caririemacao.com\/1\/wp-json\/wp\/v2\/posts\/164298\/revisions"}],"predecessor-version":[{"id":164302,"href":"https:\/\/www.caririemacao.com\/1\/wp-json\/wp\/v2\/posts\/164298\/revisions\/164302"}],"wp:featuredmedia":[{"embeddable":true,"href":"https:\/\/www.caririemacao.com\/1\/wp-json\/wp\/v2\/media\/164299"}],"wp:attachment":[{"href":"https:\/\/www.caririemacao.com\/1\/wp-json\/wp\/v2\/media?parent=164298"}],"wp:term":[{"taxonomy":"category","embeddable":true,"href":"https:\/\/www.caririemacao.com\/1\/wp-json\/wp\/v2\/categories?post=164298"},{"taxonomy":"post_tag","embeddable":true,"href":"https:\/\/www.caririemacao.com\/1\/wp-json\/wp\/v2\/tags?post=164298"}],"curies":[{"name":"wp","href":"https:\/\/api.w.org\/{rel}","templated":true}]}}