{"id":164307,"date":"2020-04-16T13:00:13","date_gmt":"2020-04-16T16:00:13","guid":{"rendered":"http:\/\/www.caririemacao.com\/1\/?p=164307"},"modified":"2020-04-16T13:00:15","modified_gmt":"2020-04-16T16:00:15","slug":"conselho-teme-efeitos-sociais-da-pandemia-entre-os-jovens","status":"publish","type":"post","link":"https:\/\/www.caririemacao.com\/1\/2020\/04\/16\/conselho-teme-efeitos-sociais-da-pandemia-entre-os-jovens\/","title":{"rendered":"Conselho teme efeitos sociais da pandemia entre os jovens"},"content":{"rendered":"\n<p>Respons\u00e1veis por sugerir pol\u00edticas p\u00fablicas que ajudem a promover o bem-estar e os direitos de quem tem entre 15 e 29 anos de idade, membros do Conselho Nacional de Juventude (Conjuve) est\u00e3o preocupados com os impactos da pandemia do novo coronav\u00edrus (covid-19)&nbsp;entre os jovens. A preocupa\u00e7\u00e3o ocorre, principalmente, com&nbsp;a parcela mais vulner\u00e1vel, afetada pelo desemprego e por outros problemas antes mesmo do surgimento da doen\u00e7a e das suas consequ\u00eancias econ\u00f4micas.<\/p>\n\n\n\n<p>\u201cBasta vermos as dificuldades que os jovens j\u00e1 enfrentavam para sabermos que, a m\u00e9dio e longo prazo, quando superarmos a pandemia, os mais prejudicados ser\u00e3o eles. Principalmente os que n\u00e3o tiverem capacita\u00e7\u00e3o t\u00e9cnica, instru\u00e7\u00e3o ou experi\u00eancia. Esses v\u00e3o&nbsp;ter&nbsp;mais dificuldade de acessar os postos de trabalho\u201d, disse o presidente do Conjuve, Rafael Davi Campos, \u00e0&nbsp;<strong>Ag\u00eancia Brasil<\/strong>.<\/p>\n\n\n\n<p>Representante do Minist\u00e9rio da Mulher, Fam\u00edlia e Direitos Humanos no conselho, o advogado com p\u00f3s-gradua\u00e7\u00e3o em gest\u00e3o p\u00fablica defende que, embora a&nbsp;prioridade, neste momento, seja evitar que a doen\u00e7a se espalhe e proteger a popula\u00e7\u00e3o indistintamente, \u00e9 necess\u00e1rio pensar adiante e providenciar meios de proteger os grupos mais suscet\u00edveis aos desdobramentos da pandemia.<\/p>\n\n\n\n<p>\u201c\u00c9 papel do Conjuve&nbsp;destacar a import\u00e2ncia de n\u00e3o olharmos apenas para o presente,&nbsp;de nos anteciparmos e pensarmos no futuro. Nesse sentido, \u00e9 preciso um olhar atento \u00e0s pol\u00edticas p\u00fablicas voltadas para a juventude, pois muitos jovens s\u00e3o pais de fam\u00edlia, sustentam suas casas, ajudam seus pais, e certamente enfrentar\u00e3o grandes dificuldades\u201d, acrescentou Campos.<\/p>\n\n\n\n<p>Devidos aos efeitos da pandemia, o&nbsp;<a href=\"https:\/\/agenciabrasil.ebc.com.br\/economia\/noticia\/2020-04\/fmi-preve-queda-de-53-da-economia-brasileira-este-ano\" target=\"_blank\" rel=\"noreferrer noopener\">Fundo Monet\u00e1rio Internacional<\/a>&nbsp;(FMI) projeta&nbsp;que, este ano, o&nbsp;Produto Interno Bruto (PIB),&nbsp;ou seja,&nbsp;a soma de todos os bens e servi\u00e7os produzidos no&nbsp;Brasil,&nbsp;cair\u00e1 5,3%. J\u00e1 a&nbsp;Organiza\u00e7\u00e3o Internacional do Trabalho (OIT) estima que, al\u00e9m de mortes, a covid-19 pode causar o fechamento de 195 milh\u00f5es de postos de trabalho em tempo integral, em todo o mundo. S\u00f3 na Am\u00e9rica Latina e no Caribe, a crise pode custar 14 milh\u00f5es de vagas de trabalho.&nbsp;Para o diretor regional da OIT, Vin\u00edcius Pinheiro, os impactos da&nbsp;covid-19 sobre a economia&nbsp;v\u00e3o exigir \u201cverdadeira reconstru\u00e7\u00e3o dos&nbsp;mercados de trabalho\u201d.<\/p>\n\n\n\n<h2 class=\"wp-block-heading\">Empreendedorismo<\/h2>\n\n\n\n<p>Representante da Confedera\u00e7\u00e3o Brasileira de Empresas Juniores (Brasil J\u00fanior) no Conjuve, o engenheiro Renan Nishimoto acredita que, uma vez vencido o v\u00edrus, a&nbsp;\u201creconstru\u00e7\u00e3o\u201d de que Pinheiro fala vai exigir que muitos jovens criem seus pr\u00f3prios postos de trabalho. Para isso, v\u00e3o precisar de capacita\u00e7\u00e3o e est\u00edmulos.<\/p>\n\n\n\n<p>\u201cA tend\u00eancia \u00e9 que o desemprego entre&nbsp;a juventude&nbsp;se agrave. Com muitos&nbsp;jovens&nbsp;rec\u00e9m-formados e outros tantos&nbsp;sem estudos&nbsp;e&nbsp;sem experi\u00eancia profissional, disputando vagas&nbsp;de trabalho&nbsp;com pessoas mais qualificadas,&nbsp;o pa\u00eds estar\u00e1 diante de dois&nbsp;caminhos: ou&nbsp;vai&nbsp;ter&nbsp;que&nbsp;criar mecanismos para incentivar a contrata\u00e7\u00e3o dessa parcela da popula\u00e7\u00e3o,&nbsp;ou vai tentar estimular os jovens a empreender\u201d,&nbsp;disse Nishimoto, \u00e0s v\u00e9speras de a C\u00e2mara dos Deputados aprovar, na madrugada dessa&nbsp;quarta-feira (15), a Medida Provis\u00f3ria 905\/19, que cria o contrato de trabalho Verde e Amarelo.&nbsp;<\/p>\n\n\n\n<p>O contrato prev\u00ea, entre outras coisas, a redu\u00e7\u00e3o de encargos para quem oferecer a oportunidade do primeiro emprego a jovens de 18 a 29 anos, com remunera\u00e7\u00e3o de at\u00e9 um sal\u00e1rio m\u00ednimo e meio (R$ 1.567,50). O texto ainda&nbsp;vai ser analisado pelo Senado antes de seguir para san\u00e7\u00e3o presidencial, mas h\u00e1 o risco de a MP&nbsp;perder a validade se&nbsp;n\u00e3o entrar&nbsp;em vigor at\u00e9 o pr\u00f3ximo dia 20. Em vota\u00e7\u00e3o eletr\u00f4nica no&nbsp;<a href=\"https:\/\/www12.senado.leg.br\/ecidadania\/visualizacaomateria?id=139757\" target=\"_blank\" rel=\"noreferrer noopener\">portal e-Cidadania<\/a>, do Senado, 60.075 pessoas votaram contra a proposta e 2.865&nbsp;a favor da institui\u00e7\u00e3o do contrato de trabalho.<\/p>\n\n\n\n<p>\u201cAcreditamos que n\u00e3o adiantar\u00e1 criar&nbsp;novas obriga\u00e7\u00f5es para um setor produtivo em maus len\u00e7\u00f3is.&nbsp;Por isso estamos&nbsp;elaborando uma campanha para estimular os jovens a empreender.&nbsp;Queremos ajud\u00e1-los, fornecendo&nbsp;informa\u00e7\u00e3o para que, depois,&nbsp;eles&nbsp;possam&nbsp;ter&nbsp;autonomia\u201d,&nbsp;comentou Nishimoto, que j\u00e1 presidia a&nbsp;Comiss\u00e3o de Inclus\u00e3o Produtiva&nbsp;do Conjuve.<\/p>\n\n\n\n<p>Cumprindo&nbsp;outra de suas atribui\u00e7\u00f5es, o Conselho Nacional da Juventude&nbsp;vem fazendo parcerias com organiza\u00e7\u00f5es sociais, cujas&nbsp;iniciativas podem ajudar os jovens a se preparar para a crise.&nbsp;Um&nbsp;acordo de coopera\u00e7\u00e3o assinado com o&nbsp;Centro Integrado de Estudos e Programas de Desenvolvimento Sustent\u00e1vel (CIEDS), por exemplo, possibilitar\u00e1 que mentores volunt\u00e1rios forne\u00e7am dicas e ajudem gratuitamente a micro e pequenos empres\u00e1rios a lidar com as dificuldades.<\/p>\n\n\n\n<p>\u201cPor mais que estejamos falando de pequenos neg\u00f3cios,&nbsp;sabemos que&nbsp;empreender&nbsp;n\u00e3o&nbsp;\u00e9 uma op\u00e7\u00e3o para&nbsp;toda a juventude,&nbsp;assim como n\u00e3o ser\u00e1 para todas as outras&nbsp;pessoas. Por isso,&nbsp;tamb\u00e9m&nbsp;estamos discutindo recomenda\u00e7\u00f5es mais gerais, que contemplam as necessidades b\u00e1sicas das pessoas. Porque sabemos que, antes de pensar em estudar, muita gente est\u00e1 tentando conseguir o que comer no dia seguinte.&nbsp;Mas \u00e9 preciso refor\u00e7ar que, de alguma forma, em breve, vamos&nbsp;ter&nbsp;que criar novos postos de trabalho. Por isso, estamos apostando na vertente da capacita\u00e7\u00e3o para o empreendedorismo, que \u00e9 algo que j\u00e1 existe, inclusive nas comunidades mais carentes e que, muitas vezes, n\u00e3o&nbsp;consegue ultrapassar o n\u00edvel da informalidade e&nbsp;gerar&nbsp;mais renda para a pr\u00f3pria comunidade, justamente porque&nbsp;faltam&nbsp;conhecimentos b\u00e1sicos&nbsp;aos respons\u00e1veis\u201d,&nbsp;enfatizou Nishimoto.<\/p>\n\n\n\n<p>A&nbsp;capacita\u00e7\u00e3o dos jovens, de forma mais ampla, e a manuten\u00e7\u00e3o dos postos de trabalho j\u00e1 ocupados por jovens s\u00e3o&nbsp;preocupa\u00e7\u00f5es do representante da Uni\u00e3o Nacional dos Estudantes (UNE) no Conjuve, Luis Filipe Eich. Segundo ele, a entidade estudantil prop\u00f5e que contratos de est\u00e1gio perto do encerramento sejam prorrogados.<\/p>\n\n\n\n<p>\u201cSe um&nbsp;<a href=\"https:\/\/agenciabrasil.ebc.com.br\/geral\/noticia\/2020-04\/pandemia-de-coronavirus-adia-contratacoes-de-estagiarios\" target=\"_blank\" rel=\"noreferrer noopener\">contrato de est\u00e1gio<\/a>&nbsp;vence agora, no meio deste per\u00edodo, o estagi\u00e1rio ficar\u00e1 desamparado, sem renda, pois ningu\u00e9m mais est\u00e1 contratando\u201d,&nbsp;argumentou Eich, refor\u00e7ando a necessidade de o Poder P\u00fablico pensar, desde j\u00e1, em a\u00e7\u00f5es para proteger a juventude.<\/p>\n\n\n\n<p>\u201cJ\u00e1 h\u00e1 alguns anos, sabemos que, em crises econ\u00f4micas, os jovens s\u00e3o mais atingidos. Principalmente no aspecto de trabalho e renda. Com menos vagas de emprego, a juventude \u00e9 jogada ou para o desemprego, ou para a informalidade e o trabalho prec\u00e1rio. Isso s\u00f3 pode ser superado com investimentos em educa\u00e7\u00e3o, no seu sentido mais amplo, em capacita\u00e7\u00e3o t\u00e9cnica, e com vontade pol\u00edtica para garantir que as vagas para a juventude sejam dignas\u201d, acrescentou.&nbsp;<\/p>\n","protected":false},"excerpt":{"rendered":"<p>Respons\u00e1veis por sugerir pol\u00edticas p\u00fablicas que ajudem a promover o bem-estar e os direitos de quem tem entre 15 e 29 anos de idade, membros&hellip; <\/p>\n","protected":false},"author":2,"featured_media":164309,"comment_status":"closed","ping_status":"closed","sticky":false,"template":"","format":"standard","meta":{"sfsi_plus_gutenberg_text_before_share":"","sfsi_plus_gutenberg_show_text_before_share":"","sfsi_plus_gutenberg_icon_type":"","sfsi_plus_gutenberg_icon_alignemt":"","sfsi_plus_gutenburg_max_per_row":"","footnotes":""},"categories":[2],"tags":[],"class_list":["post-164307","post","type-post","status-publish","format-standard","has-post-thumbnail","hentry","category-geral"],"_links":{"self":[{"href":"https:\/\/www.caririemacao.com\/1\/wp-json\/wp\/v2\/posts\/164307","targetHints":{"allow":["GET"]}}],"collection":[{"href":"https:\/\/www.caririemacao.com\/1\/wp-json\/wp\/v2\/posts"}],"about":[{"href":"https:\/\/www.caririemacao.com\/1\/wp-json\/wp\/v2\/types\/post"}],"author":[{"embeddable":true,"href":"https:\/\/www.caririemacao.com\/1\/wp-json\/wp\/v2\/users\/2"}],"replies":[{"embeddable":true,"href":"https:\/\/www.caririemacao.com\/1\/wp-json\/wp\/v2\/comments?post=164307"}],"version-history":[{"count":1,"href":"https:\/\/www.caririemacao.com\/1\/wp-json\/wp\/v2\/posts\/164307\/revisions"}],"predecessor-version":[{"id":164310,"href":"https:\/\/www.caririemacao.com\/1\/wp-json\/wp\/v2\/posts\/164307\/revisions\/164310"}],"wp:featuredmedia":[{"embeddable":true,"href":"https:\/\/www.caririemacao.com\/1\/wp-json\/wp\/v2\/media\/164309"}],"wp:attachment":[{"href":"https:\/\/www.caririemacao.com\/1\/wp-json\/wp\/v2\/media?parent=164307"}],"wp:term":[{"taxonomy":"category","embeddable":true,"href":"https:\/\/www.caririemacao.com\/1\/wp-json\/wp\/v2\/categories?post=164307"},{"taxonomy":"post_tag","embeddable":true,"href":"https:\/\/www.caririemacao.com\/1\/wp-json\/wp\/v2\/tags?post=164307"}],"curies":[{"name":"wp","href":"https:\/\/api.w.org\/{rel}","templated":true}]}}