{"id":164321,"date":"2020-04-16T13:06:06","date_gmt":"2020-04-16T16:06:06","guid":{"rendered":"http:\/\/www.caririemacao.com\/1\/?p=164321"},"modified":"2020-04-16T13:06:08","modified_gmt":"2020-04-16T16:06:08","slug":"caixa-paga-hoje-auxilio-emergencial-a-36-milhoes-de-beneficiarios","status":"publish","type":"post","link":"https:\/\/www.caririemacao.com\/1\/2020\/04\/16\/caixa-paga-hoje-auxilio-emergencial-a-36-milhoes-de-beneficiarios\/","title":{"rendered":"Caixa paga hoje aux\u00edlio emergencial a 3,6 milh\u00f5es de benefici\u00e1rios"},"content":{"rendered":"\n<p>A Caixa Econ\u00f4mica Federal paga&nbsp;hoje&nbsp;(16) a primeira parcela do aux\u00edlio emergencial de R$ 600 a 2.282.321 pessoas com as informa\u00e7\u00f5es em dia no Cadastro \u00danico de Programas Sociais (Cad\u00danico).&nbsp;Hoje&nbsp;tamb\u00e9m come\u00e7a a ser feito o pagamento a benefici\u00e1rios do programa Bolsa Fam\u00edlia. Ser\u00e3o atendidos 1.360.024 benefici\u00e1rios do programa de transfer\u00eancia de renda.<\/p>\n\n\n\n<p>No caso dos trabalhadores informais, o pagamento ser\u00e1 para as pessoas nascidas em maio, junho, julho e agosto, por meio de cr\u00e9dito em poupan\u00e7a digital. Amanh\u00e3 (17) ser\u00e1 feito o cr\u00e9dito para 1.958.268 de pessoas nascidas em setembro, outubro, novembro e dezembro.<\/p>\n\n\n\n<p>A Caixa informou que at\u00e9 as 17h de&nbsp;ontem, 36,3 milh\u00f5es de cadastros foram finalizados. Foram creditados R$ 3,2 bilh\u00f5es a 4,9 milh\u00f5es de pessoas.<\/p>\n\n\n\n<h2 class=\"wp-block-heading\">Saque em dinheiro<\/h2>\n\n\n\n<p>O aux\u00edlio emergencial come\u00e7ar\u00e1 a ser sacado em dinheiro no pr\u00f3ximo dia 27. Os saques ocorrer\u00e3o conforme o m\u00eas de nascimento do benefici\u00e1rio.<\/p>\n\n\n\n<p>As retiradas ocorrer\u00e3o no dia 27 para os nascidos em janeiro e fevereiro, no dia 28 para os nascidos em mar\u00e7o e abril, 29 para os nascidos em maio e junho, 30 para os nascidos em julho e agosto. Em maio, ser\u00e1 a vez de os nascidos em setembro e outubro sacarem o benef\u00edcio no dia 4; e os nascidos em novembro e dezembro, no dia 5.<\/p>\n\n\n\n<p>O dinheiro poder\u00e1 ser retirado sem a necessidade de cart\u00e3o em casas lot\u00e9ricas, caso elas estejam abertas, e em caixas eletr\u00f4nicos. A Caixa ressalta que n\u00e3o \u00e9 necess\u00e1rio retirar o dinheiro porque o valor depositado na poupan\u00e7a digital pode ser movimentado por meio do aplicativo Caixa Tem, para pagamento de boletos e contas&nbsp;dom\u00e9sticas e para transfer\u00eancias ilimitadas para contas da Caixa, permitindo at\u00e9 transfer\u00eancias mensais gratuitas para outros bancos nos pr\u00f3ximos 90 dias.<\/p>\n\n\n\n<h2 class=\"wp-block-heading\">Bolsa fam\u00edlia<\/h2>\n\n\n\n<p>Os benefici\u00e1rios do Bolsa Fam\u00edlia come\u00e7am a receber o aux\u00edlio emergencial&nbsp;hoje, nos casos em que o valor \u00e9 mais vantajoso que o recebido pelo programa de transfer\u00eancia de renda. O pagamento ser\u00e1 feito para os benefici\u00e1rios com N\u00famero de Identifica\u00e7\u00e3o Social \u2013 NIS 1. Amanh\u00e3, ser\u00e1 a vez de 1.359.786 fam\u00edlias com NIS 2. Os valores ser\u00e3o creditados de acordo com o NIS at\u00e9 o dia 30 deste m\u00eas, quando ser\u00e1 pago para aqueles com NIS 0.<br><\/p>\n","protected":false},"excerpt":{"rendered":"<p>A Caixa Econ\u00f4mica Federal paga&nbsp;hoje&nbsp;(16) a primeira parcela do aux\u00edlio emergencial de R$ 600 a 2.282.321 pessoas com as informa\u00e7\u00f5es em dia no Cadastro \u00danico&hellip; <\/p>\n","protected":false},"author":2,"featured_media":164322,"comment_status":"closed","ping_status":"closed","sticky":false,"template":"","format":"standard","meta":{"sfsi_plus_gutenberg_text_before_share":"","sfsi_plus_gutenberg_show_text_before_share":"","sfsi_plus_gutenberg_icon_type":"","sfsi_plus_gutenberg_icon_alignemt":"","sfsi_plus_gutenburg_max_per_row":"","footnotes":""},"categories":[12],"tags":[],"class_list":["post-164321","post","type-post","status-publish","format-standard","has-post-thumbnail","hentry","category-policia"],"_links":{"self":[{"href":"https:\/\/www.caririemacao.com\/1\/wp-json\/wp\/v2\/posts\/164321","targetHints":{"allow":["GET"]}}],"collection":[{"href":"https:\/\/www.caririemacao.com\/1\/wp-json\/wp\/v2\/posts"}],"about":[{"href":"https:\/\/www.caririemacao.com\/1\/wp-json\/wp\/v2\/types\/post"}],"author":[{"embeddable":true,"href":"https:\/\/www.caririemacao.com\/1\/wp-json\/wp\/v2\/users\/2"}],"replies":[{"embeddable":true,"href":"https:\/\/www.caririemacao.com\/1\/wp-json\/wp\/v2\/comments?post=164321"}],"version-history":[{"count":1,"href":"https:\/\/www.caririemacao.com\/1\/wp-json\/wp\/v2\/posts\/164321\/revisions"}],"predecessor-version":[{"id":164323,"href":"https:\/\/www.caririemacao.com\/1\/wp-json\/wp\/v2\/posts\/164321\/revisions\/164323"}],"wp:featuredmedia":[{"embeddable":true,"href":"https:\/\/www.caririemacao.com\/1\/wp-json\/wp\/v2\/media\/164322"}],"wp:attachment":[{"href":"https:\/\/www.caririemacao.com\/1\/wp-json\/wp\/v2\/media?parent=164321"}],"wp:term":[{"taxonomy":"category","embeddable":true,"href":"https:\/\/www.caririemacao.com\/1\/wp-json\/wp\/v2\/categories?post=164321"},{"taxonomy":"post_tag","embeddable":true,"href":"https:\/\/www.caririemacao.com\/1\/wp-json\/wp\/v2\/tags?post=164321"}],"curies":[{"name":"wp","href":"https:\/\/api.w.org\/{rel}","templated":true}]}}