{"id":164330,"date":"2020-04-16T13:12:05","date_gmt":"2020-04-16T16:12:05","guid":{"rendered":"http:\/\/www.caririemacao.com\/1\/?p=164330"},"modified":"2020-04-16T13:12:08","modified_gmt":"2020-04-16T16:12:08","slug":"publicitario-de-bolsonaro-chama-governadores-de-psicopatas","status":"publish","type":"post","link":"https:\/\/www.caririemacao.com\/1\/2020\/04\/16\/publicitario-de-bolsonaro-chama-governadores-de-psicopatas\/","title":{"rendered":"Publicit\u00e1rio de Bolsonaro chama governadores de psicopatas"},"content":{"rendered":"\n<p>Um dos principais conselheiros do presidente Jair Bolsonaro na \u00e1rea de comunica\u00e7\u00e3o, o publicit\u00e1rio S\u00e9rgio Lima defendeu na noite desta quarta-feira (15) a demiss\u00e3o do ministro Luiz Henrique Mandetta (Sa\u00fade) e comparou governadores que defendem o isolamento social a \u201cmalucos\u201d e \u201cpsicopatas\u201d.<\/p>\n\n\n\n<p>As declara\u00e7\u00f5es foram dadas numa transmiss\u00e3o pela internet com a empres\u00e1ria Karim Miskulin, diretora-geral do Grupo Voto, que incentiva a participa\u00e7\u00e3o de mulheres na pol\u00edtica.<\/p>\n\n\n\n<p>\u201cFinalmente o governo vai se libertar do que est\u00e1 ref\u00e9m, de um ministro que s\u00f3 est\u00e1 falando e n\u00e3o tem um plano de execu\u00e7\u00e3o, [n\u00e3o fala] quantas UTIs precisa, quantos m\u00e9dicos\u201d, afirmou Lima.<\/p>\n\n\n\n<p>Respons\u00e1vel pela comunica\u00e7\u00e3o do Alian\u00e7a Pelo Brasil, partido que Bolsonaro tenta criar, ele tem auxiliado tamb\u00e9m na prepara\u00e7\u00e3o dos pronunciamentos do presidente durante a crise do coronav\u00edrus.<\/p>\n\n\n\n<p>\u201cO quanto antes esse ministro tem de ser demitido, porque ele fala muito bonito, mas n\u00e3o conseguiu executar um plano\u201d, completou.<\/p>\n\n\n\n<p>Defensor da estrat\u00e9gia do presidente de flexibilizar o isolamento, Lima disse que Bolsonaro tem tido uma posi\u00e7\u00e3o equilibrada na crise do coronav\u00edrus, ao levar em conta as quest\u00f5es sanit\u00e1rias e econ\u00f4micas.<\/p>\n\n\n\n<p>Segundo ele, n\u00e3o se pode gerar p\u00e2nico na sociedade. \u201cSen\u00e3o, a gente vai estar sendo c\u00famplice de malucos, de governadores, de psicopatas que est\u00e3o ajudando, por uma sede de poder, a matar muitas pessoas que est\u00e3o desesperadas com medo, trancadas em suas casas\u201d, afirmou.<\/p>\n\n\n\n<p>Em um primeiro momento, ele n\u00e3o citou nomes. Depois, contudo, foi expl\u00edcito ao se referir ao governador de S\u00e3o Paulo, Jo\u00e3o Doria (PSDB), que se transformou num dos principais antagonistas de Bolsonaro na atual crise.<\/p>\n\n\n\n<p>\u201cSe um governador que comete esse crime se torna presidente, a gente sabe o futuro que isso vai ser. Um deles \u00e9 uma grande decep\u00e7\u00e3o, que \u00e9 o governador de S\u00e3o Paulo.<\/p>\n\n\n\n<p>Tenho vergonha de ter um dia admirado de alguma forma esse senhor. O que ele est\u00e1 fazendo por uma sede de poder \u00e9 absurdo\u201d, declarou.<\/p>\n\n\n\n<p>Filho de um militar que foi colega de turma de Bolsonaro na Academia Militar das Agulhas Negras, Lima afirma que ajuda voluntariamente na comunica\u00e7\u00e3o digital do presidente desde a campanha eleitoral de 2018.<\/p>\n\n\n\n<p>Desde o ano passado, tem feito o mesmo com rela\u00e7\u00e3o \u00e0 nova legenda, que est\u00e1 em fase de coleta de assinaturas. \u201cSou apenas um amigo que d\u00e1 pitacos\u201d, disse ele na live.<\/p>\n\n\n\n<p>Lima foi um dos integrantes da c\u00fapula do governo que foi diagnosticado com coronav\u00edrus. Mesmo assim, ele diz ser contra a estrat\u00e9gia atual de manter em quarentena a maioria da popula\u00e7\u00e3o.<\/p>\n\n\n\n<p>\u201cEu tive Covid. Convivi com minha fam\u00edlia, usei m\u00e1scara, \u00e1lcool em gel e n\u00e3o contaminei ningu\u00e9m\u201d, afirma.<\/p>\n\n\n\n<p>Dono de uma ag\u00eancia de publicidade, ele afirma que tem ido trabalhar todo dia \u00e0 sede da empresa. \u201cEu tenho direito de ir para a rua trabalhar, tenho direito de ir e vir. Isso \u00e9 democracia\u201d, afirma.<\/p>\n\n\n\n<p>A maioria dos seus funcion\u00e1rios, diz Lima, est\u00e1 trabalhando de casa. Mas os que quiserem ir \u00e0 ag\u00eancia est\u00e3o autorizados.<\/p>\n\n\n\n<p>Da mesma forma, ele aprova as visitas que o presidente tem feito a locais de Bras\u00edlia, apesar da recomenda\u00e7\u00e3o em contr\u00e1rio de infectologistas. \u201cO presidente est\u00e1 certo em ir para a rua ouvir o povo, ver como est\u00e3o as coisas\u201d, disse.<\/p>\n\n\n\n<p>Para o publicit\u00e1rio, n\u00e3o houve perda de apoio popular a Bolsonaro, apenas um descolamento moment\u00e2neo de um grupo que se define mais como opositor da esquerda do que entusiasta do presidente.<\/p>\n\n\n\n<p>\u201cExiste uma base de bolsonaristas e existe uma base antiesquerda. Isso comp\u00f5e um bloco que apoia o presidente. Nesse momento da crise, algumas pessoas se assustaram e essa base se achatou. Algumas pessoas antiesquerda passaram para uma camada neutra\u201d, declarou.<\/p>\n\n\n\n<p>Mas isso n\u00e3o preocupa, segundo ele, porque essa parcela retorna quando o presidente modera o tom.<\/p>\n\n\n\n<p>\u201cQuando o presidente faz um discurso mais agregador, essas pessoas voltam \u00e0 origem\u201d, afirmou, na transmiss\u00e3o.<\/p>\n\n\n\n<p>Segundo o Datafolha, 17% dos eleitores de Bolsonaro se arrependeram do voto dado no presidente.<\/p>\n\n\n\n<p>Lima disse que \u00e9 injusto dizer que h\u00e1 um \u201cgabinete do \u00f3dio\u201d instalado no Pal\u00e1cio do Planalto, composto por assessores que comandam a estrat\u00e9gia digital do governo.<\/p>\n\n\n\n<p>\u201cEles deveriam ser chamados de GDP, Gabinete dos Patriotas\u201d, afirmou.<\/p>\n\n\n\n<p>Para o publicit\u00e1rio, \u201cas redes sociais s\u00e3o o grito do povo brasileiro\u201d. Ele ironizou a acusa\u00e7\u00e3o de que a base digital do presidente \u00e9 formada em grande parte por rob\u00f4s.<\/p>\n\n\n\n<p>\u201cEu sempre digo que prefiro andar com rob\u00f4 do que com quem roubou\u201d, declarou.<\/p>\n","protected":false},"excerpt":{"rendered":"<p>Um dos principais conselheiros do presidente Jair Bolsonaro na \u00e1rea de comunica\u00e7\u00e3o, o publicit\u00e1rio S\u00e9rgio Lima defendeu na noite desta quarta-feira (15) a demiss\u00e3o do&hellip; <\/p>\n","protected":false},"author":2,"featured_media":164331,"comment_status":"closed","ping_status":"closed","sticky":false,"template":"","format":"standard","meta":{"sfsi_plus_gutenberg_text_before_share":"","sfsi_plus_gutenberg_show_text_before_share":"","sfsi_plus_gutenberg_icon_type":"","sfsi_plus_gutenberg_icon_alignemt":"","sfsi_plus_gutenburg_max_per_row":"","footnotes":""},"categories":[2],"tags":[],"class_list":["post-164330","post","type-post","status-publish","format-standard","has-post-thumbnail","hentry","category-geral"],"_links":{"self":[{"href":"https:\/\/www.caririemacao.com\/1\/wp-json\/wp\/v2\/posts\/164330","targetHints":{"allow":["GET"]}}],"collection":[{"href":"https:\/\/www.caririemacao.com\/1\/wp-json\/wp\/v2\/posts"}],"about":[{"href":"https:\/\/www.caririemacao.com\/1\/wp-json\/wp\/v2\/types\/post"}],"author":[{"embeddable":true,"href":"https:\/\/www.caririemacao.com\/1\/wp-json\/wp\/v2\/users\/2"}],"replies":[{"embeddable":true,"href":"https:\/\/www.caririemacao.com\/1\/wp-json\/wp\/v2\/comments?post=164330"}],"version-history":[{"count":1,"href":"https:\/\/www.caririemacao.com\/1\/wp-json\/wp\/v2\/posts\/164330\/revisions"}],"predecessor-version":[{"id":164332,"href":"https:\/\/www.caririemacao.com\/1\/wp-json\/wp\/v2\/posts\/164330\/revisions\/164332"}],"wp:featuredmedia":[{"embeddable":true,"href":"https:\/\/www.caririemacao.com\/1\/wp-json\/wp\/v2\/media\/164331"}],"wp:attachment":[{"href":"https:\/\/www.caririemacao.com\/1\/wp-json\/wp\/v2\/media?parent=164330"}],"wp:term":[{"taxonomy":"category","embeddable":true,"href":"https:\/\/www.caririemacao.com\/1\/wp-json\/wp\/v2\/categories?post=164330"},{"taxonomy":"post_tag","embeddable":true,"href":"https:\/\/www.caririemacao.com\/1\/wp-json\/wp\/v2\/tags?post=164330"}],"curies":[{"name":"wp","href":"https:\/\/api.w.org\/{rel}","templated":true}]}}