{"id":164337,"date":"2020-04-16T13:36:59","date_gmt":"2020-04-16T16:36:59","guid":{"rendered":"http:\/\/www.caririemacao.com\/1\/?p=164337"},"modified":"2020-04-16T13:37:01","modified_gmt":"2020-04-16T16:37:01","slug":"ministro-dias-toffoli-nega-pedido-da-paraiba-contra-nomeacao-de-aprovados-em-concurso-publico","status":"publish","type":"post","link":"https:\/\/www.caririemacao.com\/1\/2020\/04\/16\/ministro-dias-toffoli-nega-pedido-da-paraiba-contra-nomeacao-de-aprovados-em-concurso-publico\/","title":{"rendered":"Ministro Dias Toffoli nega pedido da Para\u00edba contra nomea\u00e7\u00e3o de aprovados em concurso p\u00fablico"},"content":{"rendered":"\n<p>O presidente do Supremo Tribunal Federal (STF), ministro Dias Toffoli, rejeitou o pedido do Governo da Para\u00edba para suspender decis\u00f5es do Tribunal de Justi\u00e7a (TJPB) que determinaram a nomea\u00e7\u00e3o e a posse de candidatos aprovados em concurso p\u00fablico para integrarem o quadro de servidores efetivos do estado.<\/p>\n\n\n\n<p>O ente federativo argumentava que os candidatos tinham ci\u00eancia de que o concurso em quest\u00e3o previa a exist\u00eancia de vagas apenas para o cadastro de reserva. Os aprovados, em tr\u00eas a\u00e7\u00f5es individuais, alegavam que, como novas vagas haviam surgido, eles deveriam ser nomeados, e obtiveram a decis\u00e3o favor\u00e1vel no Tribunal estadual.<\/p>\n\n\n\n<p>Ao acionar o STF na Suspens\u00e3o de Tutela Provis\u00f3ria (STP) 152, o Estado da Para\u00edba defendeu a inexist\u00eancia do direito subjetivo \u00e0 nomea\u00e7\u00e3o fora do n\u00famero de vagas oferecidas pelo edital. Acrescentou, ainda, que n\u00e3o h\u00e1 dota\u00e7\u00e3o or\u00e7ament\u00e1ria para fazer frente a essas nomea\u00e7\u00f5es. Por fim, ressaltou o potencial efeito multiplicador dessas decis\u00f5es em rela\u00e7\u00e3o a candidatos em igual situa\u00e7\u00e3o e sustentou que se encontra pr\u00f3ximo ao limite prudencial de gastos com seu quadro funcional.<\/p>\n\n\n\n<p>Segundo Toffoli, no entanto, ao acolher as demandas, o Tribunal de Justi\u00e7a interpretou, al\u00e9m das regras do edital, diversas normas infraconstitucionais que entenderam aplic\u00e1veis ao caso, bem como precedentes judiciais. \u201cConsiderando-se que pedidos de suspens\u00e3o possuem car\u00e1ter excepcional e n\u00e3o servem como suced\u00e2neo recursal, ou seja, n\u00e3o devem ser manejados em substitui\u00e7\u00e3o aos recursos pr\u00f3prios previstos na legisla\u00e7\u00e3o processual para impugnar decis\u00f5es judiciais, e, ainda, que a suspens\u00e3o exige uma an\u00e1lise rigorosa de seus pressupostos, quais sejam, a exist\u00eancia de controv\u00e9rsia de natureza constitucional e o risco de grave les\u00e3o aos valores estimados na norma, tenho que a presente suspens\u00e3o deve ser rejeitada\u201d, concluiu.<\/p>\n","protected":false},"excerpt":{"rendered":"<p>O presidente do Supremo Tribunal Federal (STF), ministro Dias Toffoli, rejeitou o pedido do Governo da Para\u00edba para suspender decis\u00f5es do Tribunal de Justi\u00e7a (TJPB)&hellip; <\/p>\n","protected":false},"author":2,"featured_media":164338,"comment_status":"closed","ping_status":"closed","sticky":false,"template":"","format":"standard","meta":{"sfsi_plus_gutenberg_text_before_share":"","sfsi_plus_gutenberg_show_text_before_share":"","sfsi_plus_gutenberg_icon_type":"","sfsi_plus_gutenberg_icon_alignemt":"","sfsi_plus_gutenburg_max_per_row":"","footnotes":""},"categories":[2],"tags":[],"class_list":["post-164337","post","type-post","status-publish","format-standard","has-post-thumbnail","hentry","category-geral"],"_links":{"self":[{"href":"https:\/\/www.caririemacao.com\/1\/wp-json\/wp\/v2\/posts\/164337","targetHints":{"allow":["GET"]}}],"collection":[{"href":"https:\/\/www.caririemacao.com\/1\/wp-json\/wp\/v2\/posts"}],"about":[{"href":"https:\/\/www.caririemacao.com\/1\/wp-json\/wp\/v2\/types\/post"}],"author":[{"embeddable":true,"href":"https:\/\/www.caririemacao.com\/1\/wp-json\/wp\/v2\/users\/2"}],"replies":[{"embeddable":true,"href":"https:\/\/www.caririemacao.com\/1\/wp-json\/wp\/v2\/comments?post=164337"}],"version-history":[{"count":1,"href":"https:\/\/www.caririemacao.com\/1\/wp-json\/wp\/v2\/posts\/164337\/revisions"}],"predecessor-version":[{"id":164339,"href":"https:\/\/www.caririemacao.com\/1\/wp-json\/wp\/v2\/posts\/164337\/revisions\/164339"}],"wp:featuredmedia":[{"embeddable":true,"href":"https:\/\/www.caririemacao.com\/1\/wp-json\/wp\/v2\/media\/164338"}],"wp:attachment":[{"href":"https:\/\/www.caririemacao.com\/1\/wp-json\/wp\/v2\/media?parent=164337"}],"wp:term":[{"taxonomy":"category","embeddable":true,"href":"https:\/\/www.caririemacao.com\/1\/wp-json\/wp\/v2\/categories?post=164337"},{"taxonomy":"post_tag","embeddable":true,"href":"https:\/\/www.caririemacao.com\/1\/wp-json\/wp\/v2\/tags?post=164337"}],"curies":[{"name":"wp","href":"https:\/\/api.w.org\/{rel}","templated":true}]}}