{"id":164345,"date":"2020-04-16T14:15:28","date_gmt":"2020-04-16T17:15:28","guid":{"rendered":"http:\/\/www.caririemacao.com\/1\/?p=164345"},"modified":"2020-04-16T14:15:31","modified_gmt":"2020-04-16T17:15:31","slug":"mandetta-diz-que-troca-no-ministerio-da-saude-deve-ocorrer-nesta-quinta-ou-sexta-feira","status":"publish","type":"post","link":"https:\/\/www.caririemacao.com\/1\/2020\/04\/16\/mandetta-diz-que-troca-no-ministerio-da-saude-deve-ocorrer-nesta-quinta-ou-sexta-feira\/","title":{"rendered":"Mandetta diz que troca no Minist\u00e9rio da Sa\u00fade deve ocorrer nesta quinta ou sexta-feira"},"content":{"rendered":"\n<p>&nbsp;O ministro da Sa\u00fade, Henrique Mandetta, disse nesta quinta-feira que a troca de comando na pasta dever\u00e1 acontecer entre hoje e amanh\u00e3.<br><\/p>\n\n\n\n<p>\u2014 Temos uma perspectiva de troca aqui no minist\u00e9rio. Deve ser hoje, no mais tardar amanh\u00e3, mas enfim, espero se concretizar &#8211; disse Mandetta durante uma confer\u00eancia online realizada pelo F\u00f3rum de Inova\u00e7\u00e3o Sa\u00fade (FIS).<\/p>\n\n\n\n<p>An\u00e1lise: A imagem de Mandetta e as contradi\u00e7\u00f5es de Bolsonaro<\/p>\n\n\n\n<p>Mandetta disse ainda que, apesar da perspectiva de que deixe o cargo, ele e sua equipe tentar\u00e3o n\u00e3o fazer uma sa\u00edda brusca.<\/p>\n\n\n\n<p><strong>LEIA MAIS<\/strong>:&nbsp;<a href=\"https:\/\/www.clickpb.com.br\/brasil\/irmao-de-bolsonaro-e-barrado-em-acougue-por-nao-mascara-de-protecao-282280.html\">Irm\u00e3o de Bolsonaro \u00e9 barrado em a\u00e7ougue por n\u00e3o m\u00e1scara de prote\u00e7\u00e3o<\/a><br><\/p>\n\n\n\n<p>\u2014 Vamos ter todo o cuidado porque o nosso foco \u00e9 o v\u00edrus. A gente vai ter todo o cuidado para amparar quem quer que seja aqui no minist\u00e9rio \u2014 afirmou.&nbsp;<\/p>\n\n\n\n<p>O ministro j\u00e1 avisou a familiares que, quando deixar o cargo no minist\u00e9rio, deve voltar a Campo Grande, capital do Mato Grosso do Sul. Ele aguarda apenas o presidente&nbsp; Jair Bolsonaro encontrar um substituto para o comando da pasta.<\/p>\n","protected":false},"excerpt":{"rendered":"<p>&nbsp;O ministro da Sa\u00fade, Henrique Mandetta, disse nesta quinta-feira que a troca de comando na pasta dever\u00e1 acontecer entre hoje e amanh\u00e3. \u2014 Temos uma&hellip; <\/p>\n","protected":false},"author":2,"featured_media":164346,"comment_status":"closed","ping_status":"closed","sticky":false,"template":"","format":"standard","meta":{"sfsi_plus_gutenberg_text_before_share":"","sfsi_plus_gutenberg_show_text_before_share":"","sfsi_plus_gutenberg_icon_type":"","sfsi_plus_gutenberg_icon_alignemt":"","sfsi_plus_gutenburg_max_per_row":"","footnotes":""},"categories":[50,16],"tags":[],"class_list":["post-164345","post","type-post","status-publish","format-standard","has-post-thumbnail","hentry","category-destaque","category-saude"],"_links":{"self":[{"href":"https:\/\/www.caririemacao.com\/1\/wp-json\/wp\/v2\/posts\/164345","targetHints":{"allow":["GET"]}}],"collection":[{"href":"https:\/\/www.caririemacao.com\/1\/wp-json\/wp\/v2\/posts"}],"about":[{"href":"https:\/\/www.caririemacao.com\/1\/wp-json\/wp\/v2\/types\/post"}],"author":[{"embeddable":true,"href":"https:\/\/www.caririemacao.com\/1\/wp-json\/wp\/v2\/users\/2"}],"replies":[{"embeddable":true,"href":"https:\/\/www.caririemacao.com\/1\/wp-json\/wp\/v2\/comments?post=164345"}],"version-history":[{"count":1,"href":"https:\/\/www.caririemacao.com\/1\/wp-json\/wp\/v2\/posts\/164345\/revisions"}],"predecessor-version":[{"id":164347,"href":"https:\/\/www.caririemacao.com\/1\/wp-json\/wp\/v2\/posts\/164345\/revisions\/164347"}],"wp:featuredmedia":[{"embeddable":true,"href":"https:\/\/www.caririemacao.com\/1\/wp-json\/wp\/v2\/media\/164346"}],"wp:attachment":[{"href":"https:\/\/www.caririemacao.com\/1\/wp-json\/wp\/v2\/media?parent=164345"}],"wp:term":[{"taxonomy":"category","embeddable":true,"href":"https:\/\/www.caririemacao.com\/1\/wp-json\/wp\/v2\/categories?post=164345"},{"taxonomy":"post_tag","embeddable":true,"href":"https:\/\/www.caririemacao.com\/1\/wp-json\/wp\/v2\/tags?post=164345"}],"curies":[{"name":"wp","href":"https:\/\/api.w.org\/{rel}","templated":true}]}}